{"id":1713,"date":"2014-03-19T01:27:05","date_gmt":"2014-03-19T01:27:05","guid":{"rendered":"http:\/\/jesuitasburgos.es\/biblioteca\/?p=1713"},"modified":"2014-03-17T01:29:15","modified_gmt":"2014-03-17T01:29:15","slug":"callejeros-ortograficos-118","status":"publish","type":"post","link":"http:\/\/jesuitasburgos.es\/biblioteca\/?p=1713","title":{"rendered":"CALLEJEROS ORTOGR\u00c1FICOS"},"content":{"rendered":"<p>Alejandro G\u00fcemes quiere que busquemos la \u00absoluci\u00f3n\u00bb y las tildes que faltan&#8230;<\/p>\n<p><a href=\"https:\/\/i0.wp.com\/jesuitasburgos.es\/biblioteca\/wp-content\/uploads\/2014\/03\/IMG-20140122-WA0026.jpg\"><img data-attachment-id=\"1714\" data-permalink=\"http:\/\/jesuitasburgos.es\/biblioteca\/?attachment_id=1714\" data-orig-file=\"https:\/\/i0.wp.com\/jesuitasburgos.es\/biblioteca\/wp-content\/uploads\/2014\/03\/IMG-20140122-WA0026.jpg?fit=533%2C800\" data-orig-size=\"533,800\" data-comments-opened=\"1\" data-image-meta=\"{&quot;aperture&quot;:&quot;0&quot;,&quot;credit&quot;:&quot;&quot;,&quot;camera&quot;:&quot;&quot;,&quot;caption&quot;:&quot;&quot;,&quot;created_timestamp&quot;:&quot;0&quot;,&quot;copyright&quot;:&quot;&quot;,&quot;focal_length&quot;:&quot;0&quot;,&quot;iso&quot;:&quot;0&quot;,&quot;shutter_speed&quot;:&quot;0&quot;,&quot;title&quot;:&quot;&quot;}\" data-image-title=\"IMG-20140122-WA0026\" data-image-description=\"\" data-image-caption=\"\" data-medium-file=\"https:\/\/i0.wp.com\/jesuitasburgos.es\/biblioteca\/wp-content\/uploads\/2014\/03\/IMG-20140122-WA0026.jpg?fit=199%2C300\" data-large-file=\"https:\/\/i0.wp.com\/jesuitasburgos.es\/biblioteca\/wp-content\/uploads\/2014\/03\/IMG-20140122-WA0026.jpg?fit=533%2C800\" decoding=\"async\" loading=\"lazy\" class=\"aligncenter size-full wp-image-1714\" alt=\"IMG-20140122-WA0026\" src=\"https:\/\/i0.wp.com\/jesuitasburgos.es\/biblioteca\/wp-content\/uploads\/2014\/03\/IMG-20140122-WA0026.jpg?resize=533%2C800\" width=\"533\" height=\"800\" srcset=\"https:\/\/i0.wp.com\/jesuitasburgos.es\/biblioteca\/wp-content\/uploads\/2014\/03\/IMG-20140122-WA0026.jpg?w=533 533w, https:\/\/i0.wp.com\/jesuitasburgos.es\/biblioteca\/wp-content\/uploads\/2014\/03\/IMG-20140122-WA0026.jpg?resize=199%2C300 199w\" sizes=\"(max-width: 533px) 100vw, 533px\" data-recalc-dims=\"1\" \/><\/a> <a href=\"https:\/\/i0.wp.com\/jesuitasburgos.es\/biblioteca\/wp-content\/uploads\/2014\/03\/2013-12-29-18-25-51.jpg\"><img data-attachment-id=\"1715\" data-permalink=\"http:\/\/jesuitasburgos.es\/biblioteca\/?attachment_id=1715\" data-orig-file=\"https:\/\/i0.wp.com\/jesuitasburgos.es\/biblioteca\/wp-content\/uploads\/2014\/03\/2013-12-29-18-25-51.jpg?fit=479%2C799\" data-orig-size=\"479,799\" data-comments-opened=\"1\" data-image-meta=\"{&quot;aperture&quot;:&quot;0&quot;,&quot;credit&quot;:&quot;&quot;,&quot;camera&quot;:&quot;&quot;,&quot;caption&quot;:&quot;&quot;,&quot;created_timestamp&quot;:&quot;0&quot;,&quot;copyright&quot;:&quot;&quot;,&quot;focal_length&quot;:&quot;0&quot;,&quot;iso&quot;:&quot;0&quot;,&quot;shutter_speed&quot;:&quot;0&quot;,&quot;title&quot;:&quot;&quot;}\" data-image-title=\"2013-12-29-18-25-51\" data-image-description=\"\" data-image-caption=\"\" data-medium-file=\"https:\/\/i0.wp.com\/jesuitasburgos.es\/biblioteca\/wp-content\/uploads\/2014\/03\/2013-12-29-18-25-51.jpg?fit=179%2C300\" data-large-file=\"https:\/\/i0.wp.com\/jesuitasburgos.es\/biblioteca\/wp-content\/uploads\/2014\/03\/2013-12-29-18-25-51.jpg?fit=479%2C799\" decoding=\"async\" loading=\"lazy\" class=\"aligncenter size-large wp-image-1715\" alt=\"2013-12-29-18-25-51\" src=\"https:\/\/i0.wp.com\/jesuitasburgos.es\/biblioteca\/wp-content\/uploads\/2014\/03\/2013-12-29-18-25-51.jpg?resize=479%2C799\" width=\"479\" height=\"799\" srcset=\"https:\/\/i0.wp.com\/jesuitasburgos.es\/biblioteca\/wp-content\/uploads\/2014\/03\/2013-12-29-18-25-51.jpg?w=479 479w, https:\/\/i0.wp.com\/jesuitasburgos.es\/biblioteca\/wp-content\/uploads\/2014\/03\/2013-12-29-18-25-51.jpg?resize=179%2C300 179w\" sizes=\"(max-width: 479px) 100vw, 479px\" data-recalc-dims=\"1\" \/><\/a> <a href=\"https:\/\/i0.wp.com\/jesuitasburgos.es\/biblioteca\/wp-content\/uploads\/2014\/03\/CAM00110.jpg\"><img data-attachment-id=\"1716\" data-permalink=\"http:\/\/jesuitasburgos.es\/biblioteca\/?attachment_id=1716\" data-orig-file=\"https:\/\/i0.wp.com\/jesuitasburgos.es\/biblioteca\/wp-content\/uploads\/2014\/03\/CAM00110.jpg?fit=1920%2C2560\" data-orig-size=\"1920,2560\" data-comments-opened=\"1\" data-image-meta=\"{&quot;aperture&quot;:&quot;2.8&quot;,&quot;credit&quot;:&quot;&quot;,&quot;camera&quot;:&quot;LG-E460&quot;,&quot;caption&quot;:&quot;&quot;,&quot;created_timestamp&quot;:&quot;1390592984&quot;,&quot;copyright&quot;:&quot;&quot;,&quot;focal_length&quot;:&quot;3.5&quot;,&quot;iso&quot;:&quot;152&quot;,&quot;shutter_speed&quot;:&quot;0.039997&quot;,&quot;title&quot;:&quot;&quot;}\" data-image-title=\"CAM00110\" data-image-description=\"\" data-image-caption=\"\" data-medium-file=\"https:\/\/i0.wp.com\/jesuitasburgos.es\/biblioteca\/wp-content\/uploads\/2014\/03\/CAM00110.jpg?fit=225%2C300\" data-large-file=\"https:\/\/i0.wp.com\/jesuitasburgos.es\/biblioteca\/wp-content\/uploads\/2014\/03\/CAM00110.jpg?fit=768%2C1024\" decoding=\"async\" loading=\"lazy\" class=\"aligncenter size-large wp-image-1716\" alt=\"CAM00110\" src=\"https:\/\/i0.wp.com\/jesuitasburgos.es\/biblioteca\/wp-content\/uploads\/2014\/03\/CAM00110.jpg?resize=768%2C1024\" width=\"768\" height=\"1024\" srcset=\"https:\/\/i0.wp.com\/jesuitasburgos.es\/biblioteca\/wp-content\/uploads\/2014\/03\/CAM00110.jpg?resize=768%2C1024 768w, https:\/\/i0.wp.com\/jesuitasburgos.es\/biblioteca\/wp-content\/uploads\/2014\/03\/CAM00110.jpg?resize=225%2C300 225w, https:\/\/i0.wp.com\/jesuitasburgos.es\/biblioteca\/wp-content\/uploads\/2014\/03\/CAM00110.jpg?w=1920 1920w, https:\/\/i0.wp.com\/jesuitasburgos.es\/biblioteca\/wp-content\/uploads\/2014\/03\/CAM00110.jpg?w=1600 1600w\" sizes=\"(max-width: 768px) 100vw, 768px\" data-recalc-dims=\"1\" \/><\/a><\/p>\n","protected":false},"excerpt":{"rendered":"<p>Alejandro G\u00fcemes quiere que busquemos la \u00absoluci\u00f3n\u00bb y las tildes que faltan&#8230;<\/p>\n","protected":false},"author":1,"featured_media":0,"comment_status":"open","ping_status":"open","sticky":false,"template":"","format":"standard","meta":{"jetpack_post_was_ever_published":false,"jetpack_publicize_message":"","jetpack_is_tweetstorm":false,"jetpack_publicize_feature_enabled":true,"jetpack_social_post_already_shared":false,"jetpack_social_options":{"image_generator_settings":{"template":"highway","enabled":false}}},"categories":[8,3,18],"tags":[],"jetpack_publicize_connections":[],"jetpack_featured_media_url":"","jetpack_sharing_enabled":true,"jetpack_shortlink":"https:\/\/wp.me\/p5H2Oh-rD","jetpack-related-posts":[{"id":1834,"url":"http:\/\/jesuitasburgos.es\/biblioteca\/?p=1834","url_meta":{"origin":1713,"position":0},"title":"CALLEJEROS ORTOGR\u00c1FICOS","date":"10 mayo, 2014","format":false,"excerpt":"Alejandro G\u00fcemes tambi\u00e9n se ha dado cuenta de lo de las tildes. \u00a0","rel":"","context":"En \u00abAlumnos\u00bb","img":{"alt_text":"CAM00125","src":"https:\/\/i0.wp.com\/jesuitasburgos.es\/biblioteca\/wp-content\/uploads\/2014\/05\/CAM00125-1024x768.jpg?resize=350%2C200","width":350,"height":200},"classes":[]},{"id":1433,"url":"http:\/\/jesuitasburgos.es\/biblioteca\/?p=1433","url_meta":{"origin":1713,"position":1},"title":"CALLEJEROS ORTOGR\u00c1FICOS","date":"6 febrero, 2014","format":false,"excerpt":"Raquel Linaje siempre est\u00e1 atenta a la actualidad y a las tildes que faltan...","rel":"","context":"En \u00abAlumnos\u00bb","img":{"alt_text":"20140123_202656-1","src":"https:\/\/i0.wp.com\/jesuitasburgos.es\/biblioteca\/wp-content\/uploads\/2014\/02\/20140123_202656-1-1024x373.jpg?resize=350%2C200","width":350,"height":200},"classes":[]},{"id":1545,"url":"http:\/\/jesuitasburgos.es\/biblioteca\/?p=1545","url_meta":{"origin":1713,"position":2},"title":"CALLEJEROS ORTOGR\u00c1FICOS","date":"17 febrero, 2014","format":false,"excerpt":"Ernesto Antol\u00edn nos env\u00eda esta foto. Unas cuantas tildes faltan. Dice Rafa Pampliega que es mucho mejor hacer un examen de Ingl\u00e9s que de ingles...","rel":"","context":"En \u00abAlumnos\u00bb","img":{"alt_text":"","src":"https:\/\/i0.wp.com\/jesuitasburgos.es\/biblioteca\/wp-content\/uploads\/2014\/02\/la-foto2-225x300.jpg?resize=350%2C200","width":350,"height":200},"classes":[]},{"id":1260,"url":"http:\/\/jesuitasburgos.es\/biblioteca\/?p=1260","url_meta":{"origin":1713,"position":3},"title":"CALLEJEROS ORTOGR\u00c1FICOS","date":"13 enero, 2014","format":false,"excerpt":"Paula Fern\u00e1ndez\u00a0 quiere compartir con nosotros estas fotos que reflejan la falta de tildes una vez m\u00e1s.","rel":"","context":"En \u00abAlumnos\u00bb","img":{"alt_text":"20131225_173835","src":"https:\/\/i0.wp.com\/jesuitasburgos.es\/biblioteca\/wp-content\/uploads\/2014\/01\/20131225_173835-1024x768.jpg?resize=350%2C200","width":350,"height":200},"classes":[]},{"id":105,"url":"http:\/\/jesuitasburgos.es\/biblioteca\/?p=105","url_meta":{"origin":1713,"position":4},"title":"CALLEJEROS ORTOGR\u00c1FICOS","date":"14 abril, 2013","format":false,"excerpt":"Lo de las tildes en los r\u00f3tulos de nuestras calles es de juzgado de guardia. Podr\u00edamos empapelar todas las aulas del colegio con fotos como estas.Sara Portugal y Jairo Luis P\u00e9rez son los callejeros ortogr\u00e1ficos que han captado estas instant\u00e1neas.","rel":"","context":"En \u00abAlumnos\u00bb","img":{"alt_text":"","src":"https:\/\/i0.wp.com\/2.bp.blogspot.com\/-Zv19zgO04y0\/UWn7cx66IrI\/AAAAAAAABlk\/H5XBc79ezpE\/s320\/DSC_0028.jpg?resize=350%2C200","width":350,"height":200},"classes":[]},{"id":1642,"url":"http:\/\/jesuitasburgos.es\/biblioteca\/?p=1642","url_meta":{"origin":1713,"position":5},"title":"CALLEJEROS ORTOGRAFICOS","date":"8 marzo, 2014","format":false,"excerpt":"Fernando Campoamor y Ernesto Antol\u00edn nos demuestran otra vez que las tildes no son lo nuestro...","rel":"","context":"En \u00abAlumnos\u00bb","img":{"alt_text":"WP_20140114_001","src":"https:\/\/i0.wp.com\/jesuitasburgos.es\/biblioteca\/wp-content\/uploads\/2014\/03\/WP_20140114_001-1024x574.jpg?resize=350%2C200","width":350,"height":200},"classes":[]}],"jetpack_likes_enabled":true,"_links":{"self":[{"href":"http:\/\/jesuitasburgos.es\/biblioteca\/index.php?rest_route=\/wp\/v2\/posts\/1713"}],"collection":[{"href":"http:\/\/jesuitasburgos.es\/biblioteca\/index.php?rest_route=\/wp\/v2\/posts"}],"about":[{"href":"http:\/\/jesuitasburgos.es\/biblioteca\/index.php?rest_route=\/wp\/v2\/types\/post"}],"author":[{"embeddable":true,"href":"http:\/\/jesuitasburgos.es\/biblioteca\/index.php?rest_route=\/wp\/v2\/users\/1"}],"replies":[{"embeddable":true,"href":"http:\/\/jesuitasburgos.es\/biblioteca\/index.php?rest_route=%2Fwp%2Fv2%2Fcomments&post=1713"}],"version-history":[{"count":1,"href":"http:\/\/jesuitasburgos.es\/biblioteca\/index.php?rest_route=\/wp\/v2\/posts\/1713\/revisions"}],"predecessor-version":[{"id":1717,"href":"http:\/\/jesuitasburgos.es\/biblioteca\/index.php?rest_route=\/wp\/v2\/posts\/1713\/revisions\/1717"}],"wp:attachment":[{"href":"http:\/\/jesuitasburgos.es\/biblioteca\/index.php?rest_route=%2Fwp%2Fv2%2Fmedia&parent=1713"}],"wp:term":[{"taxonomy":"category","embeddable":true,"href":"http:\/\/jesuitasburgos.es\/biblioteca\/index.php?rest_route=%2Fwp%2Fv2%2Fcategories&post=1713"},{"taxonomy":"post_tag","embeddable":true,"href":"http:\/\/jesuitasburgos.es\/biblioteca\/index.php?rest_route=%2Fwp%2Fv2%2Ftags&post=1713"}],"curies":[{"name":"wp","href":"https:\/\/api.w.org\/{rel}","templated":true}]}}