{"id":171,"date":"2013-02-26T01:59:00","date_gmt":"2013-02-26T01:59:00","guid":{"rendered":"http:\/\/jesuitasburgos.es\/biblioteca\/?p=171"},"modified":"2013-02-26T01:59:00","modified_gmt":"2013-02-26T01:59:00","slug":"banting-y-best-contra-la-diabetes","status":"publish","type":"post","link":"http:\/\/jesuitasburgos.es\/biblioteca\/?p=171","title":{"rendered":"BANTING Y BEST CONTRA LA DIABETES"},"content":{"rendered":"<div><b>\u00a0<\/b><span><b>Nos siguen llegando cuestionarios sobre los libros de la colecci<\/b><span><b>\u00f3n\u00a0<i> <\/i><span>Sabeloto<span>do<\/span><\/span><i><span><span>. <\/span><\/span><\/i><span><span>Esperamos vuestras respuestas<span> en bibliotecajesuitasburgos.blogspo<span>t.com<\/span><\/span><\/span><\/span><\/b><\/span><\/span><\/div>\n<div><span> <\/span><\/div>\n<div><span> <\/span><\/div>\n<div><span><u><b>PREGUNTAS DEL LIBRO BANTING Y BEST CONTRA LA DIABETES<\/b><\/u> <\/span><\/div>\n<div><span>1 <\/span><span><b>Infancia de Alleston<\/b><\/span><\/div>\n<div><span>\u00bfQu\u00e9 sorpresa le iba a dar William a su hijo Frederick?<\/span><\/div>\n<div><\/div>\n<div><a href=\"https:\/\/i0.wp.com\/3.bp.blogspot.com\/-_EHG1RFuhLA\/USwWI8FEpaI\/AAAAAAAABRE\/escfnTFRmMw\/s1600\/%C3%ADndice.jpg\" imageanchor=\"1\"><img decoding=\"async\" loading=\"lazy\" border=\"0\" height=\"400\" src=\"https:\/\/i0.wp.com\/3.bp.blogspot.com\/-_EHG1RFuhLA\/USwWI8FEpaI\/AAAAAAAABRE\/escfnTFRmMw\/s400\/%C3%ADndice.jpg?resize=256%2C400\" width=\"256\"  data-recalc-dims=\"1\"><\/a><span>2 <\/span><span><b>Inquietudes<\/b><\/span><\/div>\n<div><span>\u00bfQu\u00e9 quer\u00eda el pastor St. John que fuera Frederick en un futuro? \u00bfPor qu\u00e9?<\/span><\/div>\n<div><\/div>\n<div><span>3 <\/span><span><b>Una idea genial<\/b><\/span><\/div>\n<div><span>\u00bfQu\u00e9 era lo que de verdad quer\u00eda Frederick?<\/span><\/div>\n<div><\/div>\n<div><span>4 <\/span><span><b>Su amiga Naomi<\/b><\/span><\/div>\n<div><span>\u00bfQu\u00e9 hizo Frederick para combatir el miedo esc\u00e9nico?<\/span><\/div>\n<div><\/div>\n<div><span>5 <\/span><span><b>Empieza la aventura<\/b><\/span><\/div>\n<div><span>\u00bfQui\u00e9n era Naomi? \u00bfPor qu\u00e9 estuvo una temporada sin ir al colegio?<\/span><\/div>\n<div><\/div>\n<div><span>6 <\/span><span><b>Toronto<\/b><\/span><span><\/span><\/div>\n<div><span>\u00bfCu\u00e1l era la verdadera vocaci\u00f3n de Frederick?<\/span><\/div>\n<div><\/div>\n<div><span>7 <\/span><span><b>La guerra<\/b><\/span><\/div>\n<div><span>\u00bfPor qu\u00e9 al principio le prohibieron a Frederick entrar en las fuerzas armadas ?<\/span><\/div>\n<div><\/div>\n<div><span>8 Los islotes de Langerhans<\/span><\/div>\n<div><span>\u00bfDe qui\u00e9n y de qu\u00e9 se trataba el art\u00edculo que Frederick se encontr\u00f3 en su noche de insomnio ?<\/span><\/div>\n<div><\/div>\n<div><span>9 <\/span><span><b>La ayuda de Macleod<\/b><\/span><\/div>\n<div><span>\u00bfPara qu\u00e9 Frederick necesitaba el laboratorio, tiempo y perros?<\/span><\/div>\n<div><span>10 <\/span><span><b>El becario Charles Best<\/b><\/span><\/div>\n<div><span>\u00bfQui\u00e9n fue el ayudante de laboratorio de Frederick las primeras cuatro semanas ?<\/span><\/div>\n<div><\/div>\n<div><span>11 <\/span><span><b>Vida en el laboratorio<\/b><\/span><\/div>\n<div><span>\u00bfPor qu\u00e9 Frederick no quer\u00eda bajar a comer al restaurante?<\/span><\/div>\n<div><\/div>\n<div><span>12 <\/span><span><b>Un fracaso tras otro<\/b><\/span><\/div>\n<div><span>\u00bfDe d\u00f3nde consiguieron m\u00e1s perros para seguir con su investigaci\u00f3n?<\/span><\/div>\n<div><\/div>\n<div><span>13 <\/span><span><b>El \u00e9xito<\/b><\/span><\/div>\n<div><span>\u00bfC\u00f3mo fue la reacci\u00f3n de Macleod cuando Charles y Frederick le contaron el \u00e9xito de su experimento?<\/span><\/div>\n<div><\/div>\n<div><span>14 <\/span><span><b>Contin\u00faan los experimentos<\/b><\/span><\/div>\n<div><span>\u00bfCon qu<span>\u00e9<\/span> idea de Frederick se obtuvieron resultados asombrosos?<\/span><\/div>\n<div><\/div>\n<div><span>15 <\/span><span><b>Macleod interviene<\/b><\/span><\/div>\n<div><span>\u00bfQu\u00e9 puesto de trabajo le ofrece Macleod a Frederick despu\u00e9s de meditarlo?<\/span><\/div>\n<div><\/div>\n<div><span>16 <\/span><span><b>El <span>N<\/span>obel<\/b><\/span><\/div>\n<div><span>\u00bfPor qu\u00e9 Frederick estaba indignado al saber que recib\u00eda el premio Nobel?<\/span><\/div>\n<div><\/div>\n<div><span>17 <\/span><span><b>Un final tr\u00e1gico<\/b><\/span><\/div>\n<div><span>\u00bfQu\u00e9 paso la noche del 20 de febrero de 1941?<\/span><\/div>\n<div><\/div>\n<div><\/div>\n","protected":false},"excerpt":{"rendered":"<p>\u00a0Nos siguen llegando cuestionarios sobre los libros de la colecci\u00f3n\u00a0 Sabelotodo. Esperamos vuestras respuestas en bibliotecajesuitasburgos.blogspot.com PREGUNTAS DEL LIBRO BANTING<\/p>\n","protected":false},"author":1,"featured_media":0,"comment_status":"open","ping_status":"open","sticky":false,"template":"","format":"standard","meta":{"jetpack_post_was_ever_published":false,"jetpack_publicize_message":"","jetpack_is_tweetstorm":false,"jetpack_publicize_feature_enabled":true,"jetpack_social_post_already_shared":false,"jetpack_social_options":{"image_generator_settings":{"template":"highway","enabled":false}}},"categories":[8,15,19,11,12,34],"tags":[],"jetpack_publicize_connections":[],"jetpack_featured_media_url":"","jetpack_sharing_enabled":true,"jetpack_shortlink":"https:\/\/wp.me\/p5H2Oh-2L","jetpack-related-posts":[{"id":112,"url":"http:\/\/jesuitasburgos.es\/biblioteca\/?p=112","url_meta":{"origin":171,"position":0},"title":"ENTREGA DE PREMIOS TRIMESTRE DE LA CIENCIA","date":"9 abril, 2013","format":false,"excerpt":"Este pr\u00f3ximo mi\u00e9rcoles 10 de abril a la hora del recreo se entregar\u00e1n los premios correspondientes al segundo trimestre tem\u00e1tico de nuestra biblioteca. No han sido pocos los alumnos que han colaborado y queremos tener un peque\u00f1o detalle con ellos.Aprovecharemos la ocasi\u00f3n para presentar el nuevo tema para el tercer\u2026","rel":"","context":"En \u00abAlumnos\u00bb","img":{"alt_text":"","src":"https:\/\/i0.wp.com\/2.bp.blogspot.com\/-QLRFRoWek3I\/UWNfb5-zm6I\/AAAAAAAABkI\/QHTjHrfD7hY\/s200\/ciencia.jpg?resize=350%2C200","width":350,"height":200},"classes":[]},{"id":1940,"url":"http:\/\/jesuitasburgos.es\/biblioteca\/?p=1940","url_meta":{"origin":171,"position":1},"title":"How Many Miles to Babylon?","date":"30 mayo, 2014","format":false,"excerpt":"How Many Miles to Babylon is a novel about the Irish people in WW1, based in a true story. It has two main characters, called Alec and Jerry. Argument: Alec is a young boy from a wealthy family, he has been isolated by his mother Alicia, because of their high\u2026","rel":"","context":"En \u00abAlumnos\u00bb","img":{"alt_text":"","src":"","width":0,"height":0},"classes":[]},{"id":3415,"url":"http:\/\/jesuitasburgos.es\/biblioteca\/?p=3415","url_meta":{"origin":171,"position":2},"title":"Sophie Schol contra Hitler","date":"17 enero, 2017","format":false,"excerpt":"Tenemos ya preparados los nuevos libros que hemos adquirido para los clubes de lectura: Sophie Scholl contra Hitler, de Jos\u00e9 Ram\u00f3n Ayll\u00f3n \u00bfQuieres unirte a nuestros clubes de lectura? Habla con Eva Ruiz o escribe un correo a evaruiz@jesuitasburgos.es","rel":"","context":"En \u00abPublicaciones\u00bb","img":{"alt_text":"","src":"https:\/\/i0.wp.com\/jesuitasburgos.es\/biblioteca\/wp-content\/uploads\/2017\/01\/sophie.png?fit=373%2C623&resize=350%2C200","width":350,"height":200},"classes":[]},{"id":4176,"url":"http:\/\/jesuitasburgos.es\/biblioteca\/?p=4176","url_meta":{"origin":171,"position":3},"title":"Sophie Scholl contra Hitler","date":"6 febrero, 2018","format":false,"excerpt":"\"Sophie Scholl contra Hitler\" de Jos\u00e9 Ram\u00f3n Ayll\u00f3n \u00a0 \"La vida no es lo importante, sino el sentido de la vida\". Con esta frase, Jos\u00e9 Ram\u00f3n Ayll\u00f3n nos dio la clave de su libro \u201cSophie Scholl contra Hitler\u201d, que hemos le\u00eddo en el Club de Lectura y cuyas impresiones hemos\u2026","rel":"","context":"En \u00abClub de lectura\u00bb","img":{"alt_text":"","src":"https:\/\/i0.wp.com\/jesuitasburgos.es\/biblioteca\/wp-content\/uploads\/2018\/02\/sophie-1.jpg?fit=500%2C796&resize=350%2C200","width":350,"height":200},"classes":[]},{"id":498,"url":"http:\/\/jesuitasburgos.es\/biblioteca\/?p=498","url_meta":{"origin":171,"position":4},"title":"FUNDACI\u00d3N LILIAN THURAM &#8211; EDUCACI\u00d3N CONTRA EL RACISMO","date":"10 octubre, 2013","format":false,"excerpt":"La fundaci\u00f3n de Lilian Thuram, exjugador del F.C. Barcelona y de la Juventus, ha querido colaborar con el Trimestre Tem\u00e1tico del Franc\u00e9s que celebramos en la biblioteca de nuestro colegio. Esta fundaci\u00f3n, que promueve la educaci\u00f3n contra el racismo, nos ha enviado el libro Mes \u00e9toiles noires escrito por el\u2026","rel":"","context":"En \u00abAlumnos\u00bb","img":{"alt_text":"","src":"https:\/\/i0.wp.com\/jesuitasburgos.es\/biblioteca\/wp-content\/uploads\/2013\/10\/IMG_6274-300x225.jpg?resize=350%2C200","width":350,"height":200},"classes":[]},{"id":1686,"url":"http:\/\/jesuitasburgos.es\/biblioteca\/?p=1686","url_meta":{"origin":171,"position":5},"title":"CALLEJEROS ORTOGR\u00c1FICOS","date":"17 marzo, 2014","format":false,"excerpt":"Nuria \u00cd\u00f1igo contin\u00faa su batalla contra la falta de tildes... \u00a0","rel":"","context":"En \u00abAlumnos\u00bb","img":{"alt_text":"","src":"https:\/\/i0.wp.com\/jesuitasburgos.es\/biblioteca\/wp-content\/uploads\/2014\/03\/la-foto-1.jpg?resize=350%2C200","width":350,"height":200},"classes":[]}],"jetpack_likes_enabled":true,"_links":{"self":[{"href":"http:\/\/jesuitasburgos.es\/biblioteca\/index.php?rest_route=\/wp\/v2\/posts\/171"}],"collection":[{"href":"http:\/\/jesuitasburgos.es\/biblioteca\/index.php?rest_route=\/wp\/v2\/posts"}],"about":[{"href":"http:\/\/jesuitasburgos.es\/biblioteca\/index.php?rest_route=\/wp\/v2\/types\/post"}],"author":[{"embeddable":true,"href":"http:\/\/jesuitasburgos.es\/biblioteca\/index.php?rest_route=\/wp\/v2\/users\/1"}],"replies":[{"embeddable":true,"href":"http:\/\/jesuitasburgos.es\/biblioteca\/index.php?rest_route=%2Fwp%2Fv2%2Fcomments&post=171"}],"version-history":[{"count":0,"href":"http:\/\/jesuitasburgos.es\/biblioteca\/index.php?rest_route=\/wp\/v2\/posts\/171\/revisions"}],"wp:attachment":[{"href":"http:\/\/jesuitasburgos.es\/biblioteca\/index.php?rest_route=%2Fwp%2Fv2%2Fmedia&parent=171"}],"wp:term":[{"taxonomy":"category","embeddable":true,"href":"http:\/\/jesuitasburgos.es\/biblioteca\/index.php?rest_route=%2Fwp%2Fv2%2Fcategories&post=171"},{"taxonomy":"post_tag","embeddable":true,"href":"http:\/\/jesuitasburgos.es\/biblioteca\/index.php?rest_route=%2Fwp%2Fv2%2Ftags&post=171"}],"curies":[{"name":"wp","href":"https:\/\/api.w.org\/{rel}","templated":true}]}}