{"id":17,"date":"2013-06-20T01:13:00","date_gmt":"2013-06-20T01:13:00","guid":{"rendered":"http:\/\/jesuitasburgos.es\/biblioteca\/?p=17"},"modified":"2013-06-20T01:13:00","modified_gmt":"2013-06-20T01:13:00","slug":"palabra-de-la-semana-marzo","status":"publish","type":"post","link":"http:\/\/jesuitasburgos.es\/biblioteca\/?p=17","title":{"rendered":"PALABRA DE LA SEMANA &#8211; MARZO"},"content":{"rendered":"<p><b>David Juli\u00e1n contin\u00faa con la saga de palabras relativas a los meses del a\u00f1o.<\/b><\/p>\n<div><span><i><u><b>Marzo\u00a0<\/b><\/u><\/i><\/span><\/div>\n<div>\u00a0<\/div>\n<div><a href=\"https:\/\/i0.wp.com\/3.bp.blogspot.com\/-LIpSlO9QNaY\/UcJW9dyPilI\/AAAAAAAACD4\/TMJSC_Rcnfc\/s1600\/marzo.jpg\" imageanchor=\"1\"><img decoding=\"async\" border=\"0\" src=\"https:\/\/i0.wp.com\/3.bp.blogspot.com\/-LIpSlO9QNaY\/UcJW9dyPilI\/AAAAAAAACD4\/TMJSC_Rcnfc\/s1600\/marzo.jpg?w=800\" data-recalc-dims=\"1\"><\/a><span>Era el primer mes del calendario romano antiguo creado en el siglo VIII a. de C., supuestamente por R\u00f3mulo quien le dio el nombre Martius en homenaje a Marte, el dios de la guerra. Este mes siempre tuvo 31 d\u00edas, desde R\u00f3mulo.<\/span><\/div>\n<p><span><\/span><\/p>\n<div><span>En este mes se planeaban todas las campa\u00f1as militares que tendr\u00edan lugar tras el transcurso del a\u00f1o.<\/span><\/div>\n<p><span><\/span><\/p>\n<div><span>Los guerreros consideraban un buen augurio el hecho de que una guerra empezara en marzo.<\/span><\/div>\n<p><span><\/span><\/p>\n<div><span>Fue el primer mes del a\u00f1o hasta que Julio C\u00e9sar modific\u00f3 el calendario en 45 a. de C.<\/span><\/div>\n","protected":false},"excerpt":{"rendered":"<p>David Juli\u00e1n contin\u00faa con la saga de palabras relativas a los meses del a\u00f1o. Marzo\u00a0 \u00a0 Era el primer mes<\/p>\n","protected":false},"author":1,"featured_media":0,"comment_status":"open","ping_status":"open","sticky":false,"template":"","format":"standard","meta":{"jetpack_post_was_ever_published":false,"jetpack_publicize_message":"","jetpack_is_tweetstorm":false,"jetpack_publicize_feature_enabled":true,"jetpack_social_post_already_shared":false,"jetpack_social_options":{"image_generator_settings":{"template":"highway","enabled":false}}},"categories":[8,16,4,14],"tags":[],"jetpack_publicize_connections":[],"jetpack_featured_media_url":"","jetpack_sharing_enabled":true,"jetpack_shortlink":"https:\/\/wp.me\/p5H2Oh-h","jetpack-related-posts":[{"id":56,"url":"http:\/\/jesuitasburgos.es\/biblioteca\/?p=56","url_meta":{"origin":17,"position":0},"title":"PALABRA DE LA SEMANA &#8211; OCTUBRE Y NOVIEMBRE","date":"24 mayo, 2013","format":false,"excerpt":"Irene Santidri\u00e1n nos comenta el origen del nombre de los meses de octubre y noviembre.Del lat\u00edn ostober, derivado de octo, ocho, por ser, en el pimitivo calendario romano, el octavo mes del a\u00f1o.Del lat\u00edn november, derIvado de nove, nueve, por ser este el noveno mes del a\u00f1o en el primitivo\u2026","rel":"","context":"En \u00abAlumnos\u00bb","img":{"alt_text":"","src":"https:\/\/i0.wp.com\/1.bp.blogspot.com\/-nOppo5nF83M\/UZ69LcyOK1I\/AAAAAAAAB5I\/8hW41kFonug\/s400\/octubre.bmp?resize=350%2C200","width":350,"height":200},"classes":[]},{"id":31,"url":"http:\/\/jesuitasburgos.es\/biblioteca\/?p=31","url_meta":{"origin":17,"position":1},"title":"PALABRA DE LA SEMANA &#8211; CALENDARIO","date":"9 junio, 2013","format":false,"excerpt":"Llevamos algunos d\u00edas publicando el origen de los nombres de nuestros meses del a\u00f1o. Juan Hernando nos env\u00eda hoy\u00a0 la etimolog\u00eda de la palabra \"calendario\".Etimolog\u00eda de la palabra calendarioEl calendario es el sistema de medida que usamos para marcar el tiempo en a\u00f1os, meses, semanas y d\u00edas. La palabra \u2018calendario\u2019\u2026","rel":"","context":"En \u00abAlumnos\u00bb","img":{"alt_text":"","src":"","width":0,"height":0},"classes":[]},{"id":57,"url":"http:\/\/jesuitasburgos.es\/biblioteca\/?p=57","url_meta":{"origin":17,"position":2},"title":"PALABRA DE LA SEMANA &#8211; ABRIL","date":"24 mayo, 2013","format":false,"excerpt":"Los alumnos de 4\u00ba de ESO comienzan una serie etimol\u00f3gica de palabras referidas a los meses del a\u00f1o. Miriam Mata nos muestra el origen del nombre del mes de abril. Gracias a todos ellos.En el calendario romano anterior a\u00a0 Julio C\u00e9sar, Abril era el segundo de los diez meses en\u2026","rel":"","context":"En \u00abAlumnos\u00bb","img":{"alt_text":"","src":"","width":0,"height":0},"classes":[]},{"id":41,"url":"http:\/\/jesuitasburgos.es\/biblioteca\/?p=41","url_meta":{"origin":17,"position":3},"title":"PALABRA DE LA SEMANA &#8211; MAYO","date":"4 junio, 2013","format":false,"excerpt":"Jimena Mat\u00e9 nos env\u00eda el origen del nombre del mes de mayo.Etimolog\u00eda del mes de mayoLa palabra mayoprocede del lat\u00edn maiu, de origen incierto. Este mes estaba dedicado a la diosa Maia Dea.Hay dos Mayas diferentes, la griega y la romana, que acabaron confluyendo. La Maya griega era hija de\u2026","rel":"","context":"En \u00abAlumnos\u00bb","img":{"alt_text":"","src":"","width":0,"height":0},"classes":[]},{"id":39,"url":"http:\/\/jesuitasburgos.es\/biblioteca\/?p=39","url_meta":{"origin":17,"position":4},"title":"PALABRA DE LA SEMANA &#8211; ENERO","date":"6 junio, 2013","format":false,"excerpt":"EneroEnero es el mes dedicado al dios Jano.Los romanos representaban a Jano con dos caras. Era el dios de los umbrales, de las puertas y de las transiciones. Por tanto, es l\u00f3gico que se le dedicara el mes con el que empieza el a\u00f1o, pues enero mira al a\u00f1o que\u2026","rel":"","context":"En \u00abAlumnos\u00bb","img":{"alt_text":"","src":"","width":0,"height":0},"classes":[]},{"id":42,"url":"http:\/\/jesuitasburgos.es\/biblioteca\/?p=42","url_meta":{"origin":17,"position":5},"title":"PALABRA DE LA SEMANA &#8211; FEBRERO","date":"4 junio, 2013","format":false,"excerpt":"Cecilia San Mill\u00e1n nos habla del origen del nombre del mes de febrero.Febrero es el segundo mesdel a\u00f1o. Era el mes en que Roma se dedicaba a honrar a los muertos con sacrificios y ofrendas con la intenci\u00f3n de aplacar las posibles malas intenciones de los difuntos. Estas fiestas duraban\u2026","rel":"","context":"En \u00abAlumnos\u00bb","img":{"alt_text":"","src":"","width":0,"height":0},"classes":[]}],"jetpack_likes_enabled":true,"_links":{"self":[{"href":"http:\/\/jesuitasburgos.es\/biblioteca\/index.php?rest_route=\/wp\/v2\/posts\/17"}],"collection":[{"href":"http:\/\/jesuitasburgos.es\/biblioteca\/index.php?rest_route=\/wp\/v2\/posts"}],"about":[{"href":"http:\/\/jesuitasburgos.es\/biblioteca\/index.php?rest_route=\/wp\/v2\/types\/post"}],"author":[{"embeddable":true,"href":"http:\/\/jesuitasburgos.es\/biblioteca\/index.php?rest_route=\/wp\/v2\/users\/1"}],"replies":[{"embeddable":true,"href":"http:\/\/jesuitasburgos.es\/biblioteca\/index.php?rest_route=%2Fwp%2Fv2%2Fcomments&post=17"}],"version-history":[{"count":0,"href":"http:\/\/jesuitasburgos.es\/biblioteca\/index.php?rest_route=\/wp\/v2\/posts\/17\/revisions"}],"wp:attachment":[{"href":"http:\/\/jesuitasburgos.es\/biblioteca\/index.php?rest_route=%2Fwp%2Fv2%2Fmedia&parent=17"}],"wp:term":[{"taxonomy":"category","embeddable":true,"href":"http:\/\/jesuitasburgos.es\/biblioteca\/index.php?rest_route=%2Fwp%2Fv2%2Fcategories&post=17"},{"taxonomy":"post_tag","embeddable":true,"href":"http:\/\/jesuitasburgos.es\/biblioteca\/index.php?rest_route=%2Fwp%2Fv2%2Ftags&post=17"}],"curies":[{"name":"wp","href":"https:\/\/api.w.org\/{rel}","templated":true}]}}