{"id":1696,"date":"2014-03-18T01:11:49","date_gmt":"2014-03-18T01:11:49","guid":{"rendered":"http:\/\/jesuitasburgos.es\/biblioteca\/?p=1696"},"modified":"2014-03-17T01:15:48","modified_gmt":"2014-03-17T01:15:48","slug":"callejeros-ortograficos-117","status":"publish","type":"post","link":"http:\/\/jesuitasburgos.es\/biblioteca\/?p=1696","title":{"rendered":"CALLEJEROS ORTOGR\u00c1FICOS"},"content":{"rendered":"<p>M\u00e1s de tildes. Nos las env\u00eda Ernesto Antol\u00edn.<\/p>\n<p><a href=\"https:\/\/i0.wp.com\/jesuitasburgos.es\/biblioteca\/wp-content\/uploads\/2014\/03\/la-foto-12.jpg\"><img data-attachment-id=\"1697\" data-permalink=\"http:\/\/jesuitasburgos.es\/biblioteca\/?attachment_id=1697\" data-orig-file=\"https:\/\/i0.wp.com\/jesuitasburgos.es\/biblioteca\/wp-content\/uploads\/2014\/03\/la-foto-12.jpg?fit=2048%2C1536\" data-orig-size=\"2048,1536\" data-comments-opened=\"1\" data-image-meta=\"{&quot;aperture&quot;:&quot;2.2&quot;,&quot;credit&quot;:&quot;&quot;,&quot;camera&quot;:&quot;iPhone 5s&quot;,&quot;caption&quot;:&quot;&quot;,&quot;created_timestamp&quot;:&quot;1391024058&quot;,&quot;copyright&quot;:&quot;&quot;,&quot;focal_length&quot;:&quot;4.12&quot;,&quot;iso&quot;:&quot;50&quot;,&quot;shutter_speed&quot;:&quot;0.03030303030303&quot;,&quot;title&quot;:&quot;&quot;}\" data-image-title=\"la foto 1\" data-image-description=\"\" data-image-caption=\"\" data-medium-file=\"https:\/\/i0.wp.com\/jesuitasburgos.es\/biblioteca\/wp-content\/uploads\/2014\/03\/la-foto-12.jpg?fit=300%2C225\" data-large-file=\"https:\/\/i0.wp.com\/jesuitasburgos.es\/biblioteca\/wp-content\/uploads\/2014\/03\/la-foto-12.jpg?fit=800%2C600\" decoding=\"async\" loading=\"lazy\" class=\"aligncenter size-large wp-image-1697\" alt=\"la foto 1\" src=\"https:\/\/i0.wp.com\/jesuitasburgos.es\/biblioteca\/wp-content\/uploads\/2014\/03\/la-foto-12.jpg?resize=800%2C600\" width=\"800\" height=\"600\" srcset=\"https:\/\/i0.wp.com\/jesuitasburgos.es\/biblioteca\/wp-content\/uploads\/2014\/03\/la-foto-12.jpg?resize=1024%2C768 1024w, https:\/\/i0.wp.com\/jesuitasburgos.es\/biblioteca\/wp-content\/uploads\/2014\/03\/la-foto-12.jpg?resize=300%2C225 300w, https:\/\/i0.wp.com\/jesuitasburgos.es\/biblioteca\/wp-content\/uploads\/2014\/03\/la-foto-12.jpg?w=2048 2048w, https:\/\/i0.wp.com\/jesuitasburgos.es\/biblioteca\/wp-content\/uploads\/2014\/03\/la-foto-12.jpg?w=1600 1600w\" sizes=\"(max-width: 800px) 100vw, 800px\" data-recalc-dims=\"1\" \/><\/a> <a href=\"https:\/\/i0.wp.com\/jesuitasburgos.es\/biblioteca\/wp-content\/uploads\/2014\/03\/la-foto-2.jpg\"><img data-attachment-id=\"1698\" data-permalink=\"http:\/\/jesuitasburgos.es\/biblioteca\/?attachment_id=1698\" data-orig-file=\"https:\/\/i0.wp.com\/jesuitasburgos.es\/biblioteca\/wp-content\/uploads\/2014\/03\/la-foto-2.jpg?fit=2048%2C1536\" data-orig-size=\"2048,1536\" data-comments-opened=\"1\" data-image-meta=\"{&quot;aperture&quot;:&quot;2.2&quot;,&quot;credit&quot;:&quot;&quot;,&quot;camera&quot;:&quot;iPhone 5s&quot;,&quot;caption&quot;:&quot;&quot;,&quot;created_timestamp&quot;:&quot;1391024063&quot;,&quot;copyright&quot;:&quot;&quot;,&quot;focal_length&quot;:&quot;4.12&quot;,&quot;iso&quot;:&quot;64&quot;,&quot;shutter_speed&quot;:&quot;0.03030303030303&quot;,&quot;title&quot;:&quot;&quot;}\" data-image-title=\"la foto 2\" data-image-description=\"\" data-image-caption=\"\" data-medium-file=\"https:\/\/i0.wp.com\/jesuitasburgos.es\/biblioteca\/wp-content\/uploads\/2014\/03\/la-foto-2.jpg?fit=300%2C225\" data-large-file=\"https:\/\/i0.wp.com\/jesuitasburgos.es\/biblioteca\/wp-content\/uploads\/2014\/03\/la-foto-2.jpg?fit=800%2C600\" decoding=\"async\" loading=\"lazy\" class=\"aligncenter size-large wp-image-1698\" alt=\"la foto 2\" src=\"https:\/\/i0.wp.com\/jesuitasburgos.es\/biblioteca\/wp-content\/uploads\/2014\/03\/la-foto-2.jpg?resize=800%2C600\" width=\"800\" height=\"600\" srcset=\"https:\/\/i0.wp.com\/jesuitasburgos.es\/biblioteca\/wp-content\/uploads\/2014\/03\/la-foto-2.jpg?resize=1024%2C768 1024w, https:\/\/i0.wp.com\/jesuitasburgos.es\/biblioteca\/wp-content\/uploads\/2014\/03\/la-foto-2.jpg?resize=300%2C225 300w, https:\/\/i0.wp.com\/jesuitasburgos.es\/biblioteca\/wp-content\/uploads\/2014\/03\/la-foto-2.jpg?w=2048 2048w, https:\/\/i0.wp.com\/jesuitasburgos.es\/biblioteca\/wp-content\/uploads\/2014\/03\/la-foto-2.jpg?w=1600 1600w\" sizes=\"(max-width: 800px) 100vw, 800px\" data-recalc-dims=\"1\" \/><\/a> <a href=\"https:\/\/i0.wp.com\/jesuitasburgos.es\/biblioteca\/wp-content\/uploads\/2014\/03\/la-foto-3.jpg\"><img data-attachment-id=\"1699\" data-permalink=\"http:\/\/jesuitasburgos.es\/biblioteca\/?attachment_id=1699\" data-orig-file=\"https:\/\/i0.wp.com\/jesuitasburgos.es\/biblioteca\/wp-content\/uploads\/2014\/03\/la-foto-3.jpg?fit=2048%2C1536\" data-orig-size=\"2048,1536\" data-comments-opened=\"1\" data-image-meta=\"{&quot;aperture&quot;:&quot;2.2&quot;,&quot;credit&quot;:&quot;&quot;,&quot;camera&quot;:&quot;iPhone 5s&quot;,&quot;caption&quot;:&quot;&quot;,&quot;created_timestamp&quot;:&quot;1391024161&quot;,&quot;copyright&quot;:&quot;&quot;,&quot;focal_length&quot;:&quot;4.12&quot;,&quot;iso&quot;:&quot;320&quot;,&quot;shutter_speed&quot;:&quot;0.066666666666667&quot;,&quot;title&quot;:&quot;&quot;}\" data-image-title=\"la foto 3\" data-image-description=\"\" data-image-caption=\"\" data-medium-file=\"https:\/\/i0.wp.com\/jesuitasburgos.es\/biblioteca\/wp-content\/uploads\/2014\/03\/la-foto-3.jpg?fit=300%2C225\" data-large-file=\"https:\/\/i0.wp.com\/jesuitasburgos.es\/biblioteca\/wp-content\/uploads\/2014\/03\/la-foto-3.jpg?fit=800%2C600\" decoding=\"async\" loading=\"lazy\" class=\"aligncenter size-large wp-image-1699\" alt=\"la foto 3\" src=\"https:\/\/i0.wp.com\/jesuitasburgos.es\/biblioteca\/wp-content\/uploads\/2014\/03\/la-foto-3.jpg?resize=800%2C600\" width=\"800\" height=\"600\" srcset=\"https:\/\/i0.wp.com\/jesuitasburgos.es\/biblioteca\/wp-content\/uploads\/2014\/03\/la-foto-3.jpg?resize=1024%2C768 1024w, https:\/\/i0.wp.com\/jesuitasburgos.es\/biblioteca\/wp-content\/uploads\/2014\/03\/la-foto-3.jpg?resize=300%2C225 300w, https:\/\/i0.wp.com\/jesuitasburgos.es\/biblioteca\/wp-content\/uploads\/2014\/03\/la-foto-3.jpg?w=2048 2048w, https:\/\/i0.wp.com\/jesuitasburgos.es\/biblioteca\/wp-content\/uploads\/2014\/03\/la-foto-3.jpg?w=1600 1600w\" sizes=\"(max-width: 800px) 100vw, 800px\" data-recalc-dims=\"1\" \/><\/a> <a href=\"https:\/\/i0.wp.com\/jesuitasburgos.es\/biblioteca\/wp-content\/uploads\/2014\/03\/la-foto-4.jpg\"><img data-attachment-id=\"1700\" data-permalink=\"http:\/\/jesuitasburgos.es\/biblioteca\/?attachment_id=1700\" data-orig-file=\"https:\/\/i0.wp.com\/jesuitasburgos.es\/biblioteca\/wp-content\/uploads\/2014\/03\/la-foto-4.jpg?fit=2048%2C1536\" data-orig-size=\"2048,1536\" data-comments-opened=\"1\" data-image-meta=\"{&quot;aperture&quot;:&quot;2.2&quot;,&quot;credit&quot;:&quot;&quot;,&quot;camera&quot;:&quot;iPhone 5s&quot;,&quot;caption&quot;:&quot;&quot;,&quot;created_timestamp&quot;:&quot;1391024211&quot;,&quot;copyright&quot;:&quot;&quot;,&quot;focal_length&quot;:&quot;4.12&quot;,&quot;iso&quot;:&quot;125&quot;,&quot;shutter_speed&quot;:&quot;0.03030303030303&quot;,&quot;title&quot;:&quot;&quot;}\" data-image-title=\"la foto 4\" data-image-description=\"\" data-image-caption=\"\" data-medium-file=\"https:\/\/i0.wp.com\/jesuitasburgos.es\/biblioteca\/wp-content\/uploads\/2014\/03\/la-foto-4.jpg?fit=300%2C225\" data-large-file=\"https:\/\/i0.wp.com\/jesuitasburgos.es\/biblioteca\/wp-content\/uploads\/2014\/03\/la-foto-4.jpg?fit=800%2C600\" decoding=\"async\" loading=\"lazy\" class=\"aligncenter size-large wp-image-1700\" alt=\"la foto 4\" src=\"https:\/\/i0.wp.com\/jesuitasburgos.es\/biblioteca\/wp-content\/uploads\/2014\/03\/la-foto-4.jpg?resize=800%2C600\" width=\"800\" height=\"600\" srcset=\"https:\/\/i0.wp.com\/jesuitasburgos.es\/biblioteca\/wp-content\/uploads\/2014\/03\/la-foto-4.jpg?resize=1024%2C768 1024w, https:\/\/i0.wp.com\/jesuitasburgos.es\/biblioteca\/wp-content\/uploads\/2014\/03\/la-foto-4.jpg?resize=300%2C225 300w, https:\/\/i0.wp.com\/jesuitasburgos.es\/biblioteca\/wp-content\/uploads\/2014\/03\/la-foto-4.jpg?w=2048 2048w, https:\/\/i0.wp.com\/jesuitasburgos.es\/biblioteca\/wp-content\/uploads\/2014\/03\/la-foto-4.jpg?w=1600 1600w\" sizes=\"(max-width: 800px) 100vw, 800px\" data-recalc-dims=\"1\" \/><\/a> <a href=\"https:\/\/i0.wp.com\/jesuitasburgos.es\/biblioteca\/wp-content\/uploads\/2014\/03\/la-foto-5.jpg\"><img data-attachment-id=\"1701\" data-permalink=\"http:\/\/jesuitasburgos.es\/biblioteca\/?attachment_id=1701\" data-orig-file=\"https:\/\/i0.wp.com\/jesuitasburgos.es\/biblioteca\/wp-content\/uploads\/2014\/03\/la-foto-5.jpg?fit=2448%2C2448\" data-orig-size=\"2448,2448\" data-comments-opened=\"1\" data-image-meta=\"{&quot;aperture&quot;:&quot;2.2&quot;,&quot;credit&quot;:&quot;&quot;,&quot;camera&quot;:&quot;iPhone 5s&quot;,&quot;caption&quot;:&quot;&quot;,&quot;created_timestamp&quot;:&quot;1391024857&quot;,&quot;copyright&quot;:&quot;&quot;,&quot;focal_length&quot;:&quot;4.12&quot;,&quot;iso&quot;:&quot;320&quot;,&quot;shutter_speed&quot;:&quot;0.033333333333333&quot;,&quot;title&quot;:&quot;&quot;}\" data-image-title=\"la foto 5\" data-image-description=\"\" data-image-caption=\"\" data-medium-file=\"https:\/\/i0.wp.com\/jesuitasburgos.es\/biblioteca\/wp-content\/uploads\/2014\/03\/la-foto-5.jpg?fit=300%2C300\" data-large-file=\"https:\/\/i0.wp.com\/jesuitasburgos.es\/biblioteca\/wp-content\/uploads\/2014\/03\/la-foto-5.jpg?fit=800%2C800\" decoding=\"async\" loading=\"lazy\" class=\"aligncenter size-large wp-image-1701\" alt=\"la foto 5\" src=\"https:\/\/i0.wp.com\/jesuitasburgos.es\/biblioteca\/wp-content\/uploads\/2014\/03\/la-foto-5.jpg?resize=800%2C800\" width=\"800\" height=\"800\" srcset=\"https:\/\/i0.wp.com\/jesuitasburgos.es\/biblioteca\/wp-content\/uploads\/2014\/03\/la-foto-5.jpg?resize=1024%2C1024 1024w, https:\/\/i0.wp.com\/jesuitasburgos.es\/biblioteca\/wp-content\/uploads\/2014\/03\/la-foto-5.jpg?resize=150%2C150 150w, https:\/\/i0.wp.com\/jesuitasburgos.es\/biblioteca\/wp-content\/uploads\/2014\/03\/la-foto-5.jpg?resize=300%2C300 300w, https:\/\/i0.wp.com\/jesuitasburgos.es\/biblioteca\/wp-content\/uploads\/2014\/03\/la-foto-5.jpg?w=1600 1600w, https:\/\/i0.wp.com\/jesuitasburgos.es\/biblioteca\/wp-content\/uploads\/2014\/03\/la-foto-5.jpg?w=2400 2400w\" sizes=\"(max-width: 800px) 100vw, 800px\" data-recalc-dims=\"1\" \/><\/a><\/p>\n","protected":false},"excerpt":{"rendered":"<p>M\u00e1s de tildes. Nos las env\u00eda Ernesto Antol\u00edn.<\/p>\n","protected":false},"author":1,"featured_media":0,"comment_status":"open","ping_status":"open","sticky":false,"template":"","format":"standard","meta":{"jetpack_post_was_ever_published":false,"jetpack_publicize_message":"","jetpack_is_tweetstorm":false,"jetpack_publicize_feature_enabled":true,"jetpack_social_post_already_shared":false,"jetpack_social_options":{"image_generator_settings":{"template":"highway","enabled":false}}},"categories":[8,3,18],"tags":[],"jetpack_publicize_connections":[],"jetpack_featured_media_url":"","jetpack_sharing_enabled":true,"jetpack_shortlink":"https:\/\/wp.me\/p5H2Oh-rm","jetpack-related-posts":[{"id":1545,"url":"http:\/\/jesuitasburgos.es\/biblioteca\/?p=1545","url_meta":{"origin":1696,"position":0},"title":"CALLEJEROS ORTOGR\u00c1FICOS","date":"17 febrero, 2014","format":false,"excerpt":"Ernesto Antol\u00edn nos env\u00eda esta foto. Unas cuantas tildes faltan. Dice Rafa Pampliega que es mucho mejor hacer un examen de Ingl\u00e9s que de ingles...","rel":"","context":"En \u00abAlumnos\u00bb","img":{"alt_text":"","src":"https:\/\/i0.wp.com\/jesuitasburgos.es\/biblioteca\/wp-content\/uploads\/2014\/02\/la-foto2-225x300.jpg?resize=350%2C200","width":350,"height":200},"classes":[]},{"id":1642,"url":"http:\/\/jesuitasburgos.es\/biblioteca\/?p=1642","url_meta":{"origin":1696,"position":1},"title":"CALLEJEROS ORTOGRAFICOS","date":"8 marzo, 2014","format":false,"excerpt":"Fernando Campoamor y Ernesto Antol\u00edn nos demuestran otra vez que las tildes no son lo nuestro...","rel":"","context":"En \u00abAlumnos\u00bb","img":{"alt_text":"WP_20140114_001","src":"https:\/\/i0.wp.com\/jesuitasburgos.es\/biblioteca\/wp-content\/uploads\/2014\/03\/WP_20140114_001-1024x574.jpg?resize=350%2C200","width":350,"height":200},"classes":[]},{"id":1106,"url":"http:\/\/jesuitasburgos.es\/biblioteca\/?p=1106","url_meta":{"origin":1696,"position":2},"title":"CALLEJEROS ORTOGR\u00c1FICOS","date":"23 diciembre, 2013","format":false,"excerpt":"Nuria \u00cd\u00f1igo nos env\u00eda m\u00e1s fotos sobre nuestras \"amigas\" las tildes. \u00a0","rel":"","context":"En \u00abAlumnos\u00bb","img":{"alt_text":"","src":"https:\/\/i0.wp.com\/jesuitasburgos.es\/biblioteca\/wp-content\/uploads\/2013\/12\/la-foto-2.jpg?resize=350%2C200","width":350,"height":200},"classes":[]},{"id":36,"url":"http:\/\/jesuitasburgos.es\/biblioteca\/?p=36","url_meta":{"origin":1696,"position":3},"title":"CALLEJEROS ORTOGR\u00c1FICOS","date":"9 junio, 2013","format":false,"excerpt":"Mar\u00eda \u00cd\u00f1igo nos env\u00eda otras dos fotos que nos demuestran que lo de no poner tildes est\u00e1 bastante generalizado.","rel":"","context":"En \u00abAlumnos\u00bb","img":{"alt_text":"","src":"https:\/\/i0.wp.com\/3.bp.blogspot.com\/-j2ZImczugyc\/UbPgcPEf8BI\/AAAAAAAAB-k\/soJ_DhiQSFk\/s400\/20130518_202640.jpg?resize=350%2C200","width":350,"height":200},"classes":[]},{"id":1353,"url":"http:\/\/jesuitasburgos.es\/biblioteca\/?p=1353","url_meta":{"origin":1696,"position":4},"title":"CALLEJEROS ORTOGR\u00c1FICOS","date":"24 enero, 2014","format":false,"excerpt":"Nuria \u00cd\u00f1igo nos env\u00eda estas fotos sin las tildes en las may\u00fasculas. Gracias, Nuria por estar siempre al acecho.","rel":"","context":"En \u00abAlumnos\u00bb","img":{"alt_text":"","src":"https:\/\/i0.wp.com\/jesuitasburgos.es\/biblioteca\/wp-content\/uploads\/2014\/01\/la-foto-5.jpg?resize=350%2C200","width":350,"height":200},"classes":[]},{"id":18,"url":"http:\/\/jesuitasburgos.es\/biblioteca\/?p=18","url_meta":{"origin":1696,"position":5},"title":"CALLEJEROS ORTOGR\u00c1FICOS","date":"20 junio, 2013","format":false,"excerpt":"David Juli\u00e1n Moratinos nos env\u00eda esta joya: tres en uno (dos tildes incorrectas y la hierba sin recoger).","rel":"","context":"En \u00abAlumnos\u00bb","img":{"alt_text":"","src":"https:\/\/i0.wp.com\/2.bp.blogspot.com\/-Ty2tcYDzj7s\/UcJVgA8h3YI\/AAAAAAAACDo\/CYOpVcCRuTY\/s400\/Hierva.jpg?resize=350%2C200","width":350,"height":200},"classes":[]}],"jetpack_likes_enabled":true,"_links":{"self":[{"href":"http:\/\/jesuitasburgos.es\/biblioteca\/index.php?rest_route=\/wp\/v2\/posts\/1696"}],"collection":[{"href":"http:\/\/jesuitasburgos.es\/biblioteca\/index.php?rest_route=\/wp\/v2\/posts"}],"about":[{"href":"http:\/\/jesuitasburgos.es\/biblioteca\/index.php?rest_route=\/wp\/v2\/types\/post"}],"author":[{"embeddable":true,"href":"http:\/\/jesuitasburgos.es\/biblioteca\/index.php?rest_route=\/wp\/v2\/users\/1"}],"replies":[{"embeddable":true,"href":"http:\/\/jesuitasburgos.es\/biblioteca\/index.php?rest_route=%2Fwp%2Fv2%2Fcomments&post=1696"}],"version-history":[{"count":1,"href":"http:\/\/jesuitasburgos.es\/biblioteca\/index.php?rest_route=\/wp\/v2\/posts\/1696\/revisions"}],"predecessor-version":[{"id":1702,"href":"http:\/\/jesuitasburgos.es\/biblioteca\/index.php?rest_route=\/wp\/v2\/posts\/1696\/revisions\/1702"}],"wp:attachment":[{"href":"http:\/\/jesuitasburgos.es\/biblioteca\/index.php?rest_route=%2Fwp%2Fv2%2Fmedia&parent=1696"}],"wp:term":[{"taxonomy":"category","embeddable":true,"href":"http:\/\/jesuitasburgos.es\/biblioteca\/index.php?rest_route=%2Fwp%2Fv2%2Fcategories&post=1696"},{"taxonomy":"post_tag","embeddable":true,"href":"http:\/\/jesuitasburgos.es\/biblioteca\/index.php?rest_route=%2Fwp%2Fv2%2Ftags&post=1696"}],"curies":[{"name":"wp","href":"https:\/\/api.w.org\/{rel}","templated":true}]}}