{"id":1663,"date":"2014-03-10T01:51:59","date_gmt":"2014-03-10T01:51:59","guid":{"rendered":"http:\/\/jesuitasburgos.es\/biblioteca\/?p=1663"},"modified":"2014-03-05T01:54:00","modified_gmt":"2014-03-05T01:54:00","slug":"callejeros-ortograficos-115","status":"publish","type":"post","link":"http:\/\/jesuitasburgos.es\/biblioteca\/?p=1663","title":{"rendered":"CALLEJEROS ORTOGR\u00c1FICOS"},"content":{"rendered":"<p>Nuestra reportera Marina Pastor a la caza de m\u00e1s tildes.<\/p>\n<p><a href=\"https:\/\/i0.wp.com\/jesuitasburgos.es\/biblioteca\/wp-content\/uploads\/2014\/03\/Foto0164.jpg\"><img data-attachment-id=\"1664\" data-permalink=\"http:\/\/jesuitasburgos.es\/biblioteca\/?attachment_id=1664\" data-orig-file=\"https:\/\/i0.wp.com\/jesuitasburgos.es\/biblioteca\/wp-content\/uploads\/2014\/03\/Foto0164.jpg?fit=2560%2C1920\" data-orig-size=\"2560,1920\" data-comments-opened=\"1\" data-image-meta=\"{&quot;aperture&quot;:&quot;2.83&quot;,&quot;credit&quot;:&quot;&quot;,&quot;camera&quot;:&quot;SGH-F480&quot;,&quot;caption&quot;:&quot;&quot;,&quot;created_timestamp&quot;:&quot;1390409501&quot;,&quot;copyright&quot;:&quot;&quot;,&quot;focal_length&quot;:&quot;0&quot;,&quot;iso&quot;:&quot;100&quot;,&quot;shutter_speed&quot;:&quot;0&quot;,&quot;title&quot;:&quot;&quot;}\" data-image-title=\"Foto0164\" data-image-description=\"\" data-image-caption=\"\" data-medium-file=\"https:\/\/i0.wp.com\/jesuitasburgos.es\/biblioteca\/wp-content\/uploads\/2014\/03\/Foto0164.jpg?fit=300%2C225\" data-large-file=\"https:\/\/i0.wp.com\/jesuitasburgos.es\/biblioteca\/wp-content\/uploads\/2014\/03\/Foto0164.jpg?fit=800%2C600\" decoding=\"async\" loading=\"lazy\" class=\"aligncenter size-large wp-image-1664\" alt=\"Foto0164\" src=\"https:\/\/i0.wp.com\/jesuitasburgos.es\/biblioteca\/wp-content\/uploads\/2014\/03\/Foto0164.jpg?resize=800%2C600\" width=\"800\" height=\"600\" srcset=\"https:\/\/i0.wp.com\/jesuitasburgos.es\/biblioteca\/wp-content\/uploads\/2014\/03\/Foto0164.jpg?resize=1024%2C768 1024w, https:\/\/i0.wp.com\/jesuitasburgos.es\/biblioteca\/wp-content\/uploads\/2014\/03\/Foto0164.jpg?resize=300%2C225 300w, https:\/\/i0.wp.com\/jesuitasburgos.es\/biblioteca\/wp-content\/uploads\/2014\/03\/Foto0164.jpg?w=1600 1600w, https:\/\/i0.wp.com\/jesuitasburgos.es\/biblioteca\/wp-content\/uploads\/2014\/03\/Foto0164.jpg?w=2400 2400w\" sizes=\"(max-width: 800px) 100vw, 800px\" data-recalc-dims=\"1\" \/><\/a> <a href=\"https:\/\/i0.wp.com\/jesuitasburgos.es\/biblioteca\/wp-content\/uploads\/2014\/03\/Foto0165.jpg\"><img data-attachment-id=\"1665\" data-permalink=\"http:\/\/jesuitasburgos.es\/biblioteca\/?attachment_id=1665\" data-orig-file=\"https:\/\/i0.wp.com\/jesuitasburgos.es\/biblioteca\/wp-content\/uploads\/2014\/03\/Foto0165.jpg?fit=2560%2C1920\" data-orig-size=\"2560,1920\" data-comments-opened=\"1\" data-image-meta=\"{&quot;aperture&quot;:&quot;2.83&quot;,&quot;credit&quot;:&quot;&quot;,&quot;camera&quot;:&quot;SGH-F480&quot;,&quot;caption&quot;:&quot;&quot;,&quot;created_timestamp&quot;:&quot;1390409610&quot;,&quot;copyright&quot;:&quot;&quot;,&quot;focal_length&quot;:&quot;0&quot;,&quot;iso&quot;:&quot;100&quot;,&quot;shutter_speed&quot;:&quot;0&quot;,&quot;title&quot;:&quot;&quot;}\" data-image-title=\"Foto0165\" data-image-description=\"\" data-image-caption=\"\" data-medium-file=\"https:\/\/i0.wp.com\/jesuitasburgos.es\/biblioteca\/wp-content\/uploads\/2014\/03\/Foto0165.jpg?fit=300%2C225\" data-large-file=\"https:\/\/i0.wp.com\/jesuitasburgos.es\/biblioteca\/wp-content\/uploads\/2014\/03\/Foto0165.jpg?fit=800%2C600\" decoding=\"async\" loading=\"lazy\" class=\"aligncenter size-large wp-image-1665\" alt=\"Foto0165\" src=\"https:\/\/i0.wp.com\/jesuitasburgos.es\/biblioteca\/wp-content\/uploads\/2014\/03\/Foto0165.jpg?resize=800%2C600\" width=\"800\" height=\"600\" srcset=\"https:\/\/i0.wp.com\/jesuitasburgos.es\/biblioteca\/wp-content\/uploads\/2014\/03\/Foto0165.jpg?resize=1024%2C768 1024w, https:\/\/i0.wp.com\/jesuitasburgos.es\/biblioteca\/wp-content\/uploads\/2014\/03\/Foto0165.jpg?resize=300%2C225 300w, https:\/\/i0.wp.com\/jesuitasburgos.es\/biblioteca\/wp-content\/uploads\/2014\/03\/Foto0165.jpg?w=1600 1600w, https:\/\/i0.wp.com\/jesuitasburgos.es\/biblioteca\/wp-content\/uploads\/2014\/03\/Foto0165.jpg?w=2400 2400w\" sizes=\"(max-width: 800px) 100vw, 800px\" data-recalc-dims=\"1\" \/><\/a> <a href=\"https:\/\/i0.wp.com\/jesuitasburgos.es\/biblioteca\/wp-content\/uploads\/2014\/03\/Foto0168.jpg\"><img data-attachment-id=\"1666\" data-permalink=\"http:\/\/jesuitasburgos.es\/biblioteca\/?attachment_id=1666\" data-orig-file=\"https:\/\/i0.wp.com\/jesuitasburgos.es\/biblioteca\/wp-content\/uploads\/2014\/03\/Foto0168.jpg?fit=2560%2C1920\" data-orig-size=\"2560,1920\" data-comments-opened=\"1\" data-image-meta=\"{&quot;aperture&quot;:&quot;2.83&quot;,&quot;credit&quot;:&quot;&quot;,&quot;camera&quot;:&quot;SGH-F480&quot;,&quot;caption&quot;:&quot;&quot;,&quot;created_timestamp&quot;:&quot;1390409760&quot;,&quot;copyright&quot;:&quot;&quot;,&quot;focal_length&quot;:&quot;0&quot;,&quot;iso&quot;:&quot;100&quot;,&quot;shutter_speed&quot;:&quot;0&quot;,&quot;title&quot;:&quot;&quot;}\" data-image-title=\"Foto0168\" data-image-description=\"\" data-image-caption=\"\" data-medium-file=\"https:\/\/i0.wp.com\/jesuitasburgos.es\/biblioteca\/wp-content\/uploads\/2014\/03\/Foto0168.jpg?fit=300%2C225\" data-large-file=\"https:\/\/i0.wp.com\/jesuitasburgos.es\/biblioteca\/wp-content\/uploads\/2014\/03\/Foto0168.jpg?fit=800%2C600\" decoding=\"async\" loading=\"lazy\" class=\"aligncenter size-large wp-image-1666\" alt=\"Foto0168\" src=\"https:\/\/i0.wp.com\/jesuitasburgos.es\/biblioteca\/wp-content\/uploads\/2014\/03\/Foto0168.jpg?resize=800%2C600\" width=\"800\" height=\"600\" srcset=\"https:\/\/i0.wp.com\/jesuitasburgos.es\/biblioteca\/wp-content\/uploads\/2014\/03\/Foto0168.jpg?resize=1024%2C768 1024w, https:\/\/i0.wp.com\/jesuitasburgos.es\/biblioteca\/wp-content\/uploads\/2014\/03\/Foto0168.jpg?resize=300%2C225 300w, https:\/\/i0.wp.com\/jesuitasburgos.es\/biblioteca\/wp-content\/uploads\/2014\/03\/Foto0168.jpg?w=1600 1600w, https:\/\/i0.wp.com\/jesuitasburgos.es\/biblioteca\/wp-content\/uploads\/2014\/03\/Foto0168.jpg?w=2400 2400w\" sizes=\"(max-width: 800px) 100vw, 800px\" data-recalc-dims=\"1\" \/><\/a><\/p>\n","protected":false},"excerpt":{"rendered":"<p>Nuestra reportera Marina Pastor a la caza de m\u00e1s tildes.<\/p>\n","protected":false},"author":1,"featured_media":0,"comment_status":"open","ping_status":"open","sticky":false,"template":"","format":"standard","meta":{"jetpack_post_was_ever_published":false,"jetpack_publicize_message":"","jetpack_is_tweetstorm":false,"jetpack_publicize_feature_enabled":true,"jetpack_social_post_already_shared":false,"jetpack_social_options":{"image_generator_settings":{"template":"highway","enabled":false}}},"categories":[8,3,18],"tags":[],"jetpack_publicize_connections":[],"jetpack_featured_media_url":"","jetpack_sharing_enabled":true,"jetpack_shortlink":"https:\/\/wp.me\/p5H2Oh-qP","jetpack-related-posts":[{"id":1648,"url":"http:\/\/jesuitasburgos.es\/biblioteca\/?p=1648","url_meta":{"origin":1663,"position":0},"title":"CALLEJEROS ORTOGR\u00c1FICOS","date":"8 marzo, 2014","format":false,"excerpt":"M\u00e1s de tildes enviadas por Marina Pastor.","rel":"","context":"En \u00abAlumnos\u00bb","img":{"alt_text":"Foto0157","src":"https:\/\/i0.wp.com\/jesuitasburgos.es\/biblioteca\/wp-content\/uploads\/2014\/03\/Foto0157-1024x768.jpg?resize=350%2C200","width":350,"height":200},"classes":[]},{"id":1930,"url":"http:\/\/jesuitasburgos.es\/biblioteca\/?p=1930","url_meta":{"origin":1663,"position":1},"title":"CALLEJEROS ORTOGR\u00c1FICOS","date":"29 mayo, 2014","format":false,"excerpt":"Marina Pastor nos vuelve a demostrar que esta ciudad las tildes se caen de los letreros...","rel":"","context":"En \u00abAlumnos\u00bb","img":{"alt_text":"","src":"https:\/\/i0.wp.com\/jesuitasburgos.es\/biblioteca\/wp-content\/uploads\/2014\/05\/Foto0230-300x225.jpg?resize=350%2C200","width":350,"height":200},"classes":[]},{"id":1821,"url":"http:\/\/jesuitasburgos.es\/biblioteca\/?p=1821","url_meta":{"origin":1663,"position":2},"title":"CALLEJEROS ORTOGR\u00c1FICOS","date":"7 mayo, 2014","format":false,"excerpt":"Marina Pastor nos recuerda que en esta ciudad nadie pone tildes. \u00a0","rel":"","context":"En \u00abAlumnos\u00bb","img":{"alt_text":"Foto0243","src":"https:\/\/i0.wp.com\/jesuitasburgos.es\/biblioteca\/wp-content\/uploads\/2014\/05\/Foto0243-1024x768.jpg?resize=350%2C200","width":350,"height":200},"classes":[]},{"id":54,"url":"http:\/\/jesuitasburgos.es\/biblioteca\/?p=54","url_meta":{"origin":1663,"position":3},"title":"CALLEJEROS ORTOGR\u00c1FICOS","date":"27 mayo, 2013","format":false,"excerpt":"Jairo P\u00e9rez, Pedro P\u00e9rez, Eduardo Torres y Pablo Melo son los callejeros ortogr\u00e1ficos que consiguieron estas fotos tras un breve paseo por nuestra ciudad. Denuncian con ellas la ausencia de tildes en los letreros. Gracias, chicos.","rel":"","context":"En \u00abAlumnos\u00bb","img":{"alt_text":"","src":"","width":0,"height":0},"classes":[]},{"id":1669,"url":"http:\/\/jesuitasburgos.es\/biblioteca\/?p=1669","url_meta":{"origin":1663,"position":4},"title":"CALLEJEROS ORTOGR\u00c1FICOS","date":"10 marzo, 2014","format":false,"excerpt":"Todav\u00eda hay m\u00e1s de Marina Pastor.","rel":"","context":"En \u00abAlumnos\u00bb","img":{"alt_text":"Foto0166","src":"https:\/\/i0.wp.com\/jesuitasburgos.es\/biblioteca\/wp-content\/uploads\/2014\/03\/Foto0166-1024x768.jpg?resize=350%2C200","width":350,"height":200},"classes":[]},{"id":1007,"url":"http:\/\/jesuitasburgos.es\/biblioteca\/?p=1007","url_meta":{"origin":1663,"position":5},"title":"CALLEJEROS ORTOGR\u00c1FICOS","date":"9 diciembre, 2013","format":false,"excerpt":"Nuria \u00cdnigo quiere denunciar una vez m\u00e1s la falta de tildes.","rel":"","context":"En \u00abAlumnos\u00bb","img":{"alt_text":"","src":"https:\/\/i0.wp.com\/jesuitasburgos.es\/biblioteca\/wp-content\/uploads\/2013\/12\/image-1.jpeg?resize=350%2C200","width":350,"height":200},"classes":[]}],"jetpack_likes_enabled":true,"_links":{"self":[{"href":"http:\/\/jesuitasburgos.es\/biblioteca\/index.php?rest_route=\/wp\/v2\/posts\/1663"}],"collection":[{"href":"http:\/\/jesuitasburgos.es\/biblioteca\/index.php?rest_route=\/wp\/v2\/posts"}],"about":[{"href":"http:\/\/jesuitasburgos.es\/biblioteca\/index.php?rest_route=\/wp\/v2\/types\/post"}],"author":[{"embeddable":true,"href":"http:\/\/jesuitasburgos.es\/biblioteca\/index.php?rest_route=\/wp\/v2\/users\/1"}],"replies":[{"embeddable":true,"href":"http:\/\/jesuitasburgos.es\/biblioteca\/index.php?rest_route=%2Fwp%2Fv2%2Fcomments&post=1663"}],"version-history":[{"count":2,"href":"http:\/\/jesuitasburgos.es\/biblioteca\/index.php?rest_route=\/wp\/v2\/posts\/1663\/revisions"}],"predecessor-version":[{"id":1668,"href":"http:\/\/jesuitasburgos.es\/biblioteca\/index.php?rest_route=\/wp\/v2\/posts\/1663\/revisions\/1668"}],"wp:attachment":[{"href":"http:\/\/jesuitasburgos.es\/biblioteca\/index.php?rest_route=%2Fwp%2Fv2%2Fmedia&parent=1663"}],"wp:term":[{"taxonomy":"category","embeddable":true,"href":"http:\/\/jesuitasburgos.es\/biblioteca\/index.php?rest_route=%2Fwp%2Fv2%2Fcategories&post=1663"},{"taxonomy":"post_tag","embeddable":true,"href":"http:\/\/jesuitasburgos.es\/biblioteca\/index.php?rest_route=%2Fwp%2Fv2%2Ftags&post=1663"}],"curies":[{"name":"wp","href":"https:\/\/api.w.org\/{rel}","templated":true}]}}