{"id":16,"date":"2013-06-20T01:20:00","date_gmt":"2013-06-20T01:20:00","guid":{"rendered":"http:\/\/jesuitasburgos.es\/biblioteca\/?p=16"},"modified":"2013-06-20T01:20:00","modified_gmt":"2013-06-20T01:20:00","slug":"el-brazalete-magico-de-rocio-rueda","status":"publish","type":"post","link":"http:\/\/jesuitasburgos.es\/biblioteca\/?p=16","title":{"rendered":"EL BRAZALETE M\u00c1GICO DE ROC\u00cdO RUEDA"},"content":{"rendered":"<p><b>Mario Lubi\u00e1n ha tenido la suerte de disfrutar de esta novela hist\u00f3rica y quiere motivaros para que vosotros tambi\u00e9n lo hag\u00e1is con este cuestionario. Gracias, Mario.<\/b><\/p>\n<div lang=\"es-ES\">1.- Una pareja que al igual que Lara hab\u00eda seguido los movimientos se acerc\u00f3 al muchacho y qu\u00e9 coloc\u00f3 junto a una de las cubiteras? <\/div>\n<div lang=\"es-ES\"><a href=\"https:\/\/i0.wp.com\/1.bp.blogspot.com\/-MWDW-ZLZcBo\/UcJYd8MBb7I\/AAAAAAAACEI\/UDN4TmakH8U\/s1600\/brazalete.jpg\" imageanchor=\"1\"><img decoding=\"async\" loading=\"lazy\" border=\"0\" height=\"320\" src=\"https:\/\/i0.wp.com\/1.bp.blogspot.com\/-MWDW-ZLZcBo\/UcJYd8MBb7I\/AAAAAAAACEI\/UDN4TmakH8U\/s320\/brazalete.jpg?resize=212%2C320\" width=\"212\"  data-recalc-dims=\"1\"><\/a>\u00a0<\/div>\n<div><span lang=\"es-ES\">2.- \u00bfQu\u00e9 le dice la chica al tendero de la tienda de antig\u00fcedades?<\/span><\/div>\n<div lang=\"es-ES\"> <\/div>\n<div lang=\"es-ES\">3.- \u00bfQu\u00e9 otra versi\u00f3n existe para la muerte de Alejandro, aparte de una enfermedad?<\/div>\n<div lang=\"es-ES\"><\/div>\n<div lang=\"es-ES\"> <\/div>\n<div lang=\"es-ES\">4.- \u00bfQu\u00e9 cualidades excepcionales pose\u00eda Alejandro?<\/div>\n<div lang=\"es-ES\"> <\/div>\n<div lang=\"es-ES\">5.- \u00bfQu\u00e9 acepta Alejandro al prometerle guardar un secreto?<\/div>\n<div lang=\"es-ES\"><\/div>\n<div lang=\"es-ES\">6.- \u00bfGracias a qui\u00e9n Fideas no tard\u00f3 en dar alcance a la joven esposa antes de que se refugiase?<\/div>\n<div lang=\"es-ES\"><\/div>\n<div lang=\"es-ES\"> <\/div>\n<p><span lang=\"es-ES\">7.- \u00bfQu\u00e9 no podr\u00eda evitar nadie que conociese a Alejandro?<\/span> <\/p>\n<div lang=\"es-ES\">8.- \u00bfQu\u00e9 ocurri\u00f3 con Aracne?<\/div>\n<div lang=\"es-ES\"><\/div>\n<div lang=\"es-ES\">9.- \u00bfEn qu\u00e9 pens\u00f3 Lara cuando cogi\u00f3 la lanza?<\/div>\n<div lang=\"es-ES\"> <\/div>\n<div lang=\"es-ES\">10.- \u00bfQu\u00e9  conecta a Lara con una poderosa espada?<\/div>\n<div lang=\"es-ES\"> <\/div>\n","protected":false},"excerpt":{"rendered":"<p>Mario Lubi\u00e1n ha tenido la suerte de disfrutar de esta novela hist\u00f3rica y quiere motivaros para que vosotros tambi\u00e9n lo<\/p>\n","protected":false},"author":1,"featured_media":0,"comment_status":"open","ping_status":"open","sticky":false,"template":"","format":"standard","meta":{"jetpack_post_was_ever_published":false,"jetpack_publicize_message":"","jetpack_is_tweetstorm":false,"jetpack_publicize_feature_enabled":true,"jetpack_social_post_already_shared":false,"jetpack_social_options":{"image_generator_settings":{"template":"highway","enabled":false}}},"categories":[8,15,11,14,12,13,7],"tags":[],"jetpack_publicize_connections":[],"jetpack_featured_media_url":"","jetpack_sharing_enabled":true,"jetpack_shortlink":"https:\/\/wp.me\/p5H2Oh-g","jetpack-related-posts":[{"id":277,"url":"http:\/\/jesuitasburgos.es\/biblioteca\/?p=277","url_meta":{"origin":16,"position":0},"title":"CUESTIONARIO DE ATLETISMO","date":"10 diciembre, 2012","format":false,"excerpt":"Iv\u00e1n Petyov quiere poner a prueba vuestros conocimientos de atletismo. Nos env\u00eda este cuestionario. Los que mejor respond\u00e1is tendr\u00e9is premio. Ya sab\u00e9is, bibliotecajesuitasburgos@gmail.com y las mismas categor\u00edas de siempre. Iv\u00e1n es un alumno de PCPI de Madera y colabora asiduamente con nuestro blog. Gracias por tu inter\u00e9s.CUESTIONARIO SOBRE ATLETISMO1\u00ba \"Soy\u2026","rel":"","context":"En \u00abAlumnos\u00bb","img":{"alt_text":"","src":"","width":0,"height":0},"classes":[]},{"id":23,"url":"http:\/\/jesuitasburgos.es\/biblioteca\/?p=23","url_meta":{"origin":16,"position":1},"title":"LOS DOCE TRABAJOS DE H\u00c9RCULES","date":"18 junio, 2013","format":false,"excerpt":"Gregorio M\u00e9ndez, muy activo en el blog este trimestre, nos ha preparado este cuestionario para motivarnos a la lectura del libro ya citado.CUESTIONARIO LOS 12 TRABAJOS DE H\u00c9RCULES1 \u00bf Cu\u00e1les son los 12 trabajos que realiz\u00f3 H\u00e9rcules?2 \u00bf Por qu\u00e9 Hera odiaba tanto a H\u00e9rcules?3 \u00bf C\u00f3mo mat\u00f3 al le\u00f3n\u2026","rel":"","context":"En \u00abAlumnos\u00bb","img":{"alt_text":"","src":"https:\/\/i0.wp.com\/3.bp.blogspot.com\/-pCiI6k1xEBQ\/Ub-3zgbtQbI\/AAAAAAAACBw\/c1dTGVTeTOE\/s320\/hercules.jpg?resize=350%2C200","width":350,"height":200},"classes":[]},{"id":112,"url":"http:\/\/jesuitasburgos.es\/biblioteca\/?p=112","url_meta":{"origin":16,"position":2},"title":"ENTREGA DE PREMIOS TRIMESTRE DE LA CIENCIA","date":"9 abril, 2013","format":false,"excerpt":"Este pr\u00f3ximo mi\u00e9rcoles 10 de abril a la hora del recreo se entregar\u00e1n los premios correspondientes al segundo trimestre tem\u00e1tico de nuestra biblioteca. No han sido pocos los alumnos que han colaborado y queremos tener un peque\u00f1o detalle con ellos.Aprovecharemos la ocasi\u00f3n para presentar el nuevo tema para el tercer\u2026","rel":"","context":"En \u00abAlumnos\u00bb","img":{"alt_text":"","src":"https:\/\/i0.wp.com\/2.bp.blogspot.com\/-QLRFRoWek3I\/UWNfb5-zm6I\/AAAAAAAABkI\/QHTjHrfD7hY\/s200\/ciencia.jpg?resize=350%2C200","width":350,"height":200},"classes":[]},{"id":49,"url":"http:\/\/jesuitasburgos.es\/biblioteca\/?p=49","url_meta":{"origin":16,"position":3},"title":"PASAPALABRA BURGAL\u00c9S","date":"27 mayo, 2013","format":false,"excerpt":"Alejandro os propone este bonito reto de cultura burgalesa. Respuestas al correo de la biblioteca. \u00a1\u00c1nimo! PASAPALABRA BIBLIOTECA: BURGOS. \u00a0\u00a0\u00a0\u00a0\u00a0\u00a0\u00a0\u00a0\u00a0\u00a0\u00a0 Empieza con la A: R\u00edo que pasa por el centro de Burgos. Empieza con la B: Gentilicio de Burgos.Empieza con la C: Nombre con el que se conoc\u00eda\u00a0 al \u00a0\u00a0\u00a0\u00a0\u00a0\u00a0\u2026","rel":"","context":"En \u00abAlumnos\u00bb","img":{"alt_text":"","src":"","width":0,"height":0},"classes":[]},{"id":188,"url":"http:\/\/jesuitasburgos.es\/biblioteca\/?p=188","url_meta":{"origin":16,"position":4},"title":"ARQU\u00cdMEDES EL DESPISTADO","date":"13 febrero, 2013","format":false,"excerpt":"Roc\u00edo Gallego nos env\u00eda este cuestionario, a modo de reto, para los que quer\u00e1is leer este libro sobre Arqu\u00edmedes.\u00a0Pod\u00e9is encontrarlo en la biblioteca del colegio, leerlo, responder las preguntas y enviarlas a bibliotecajesuitasburgos@gmail.com \u00a1\u00c1nimo!Cap\u00edtulo 1.-\u00bfDe d\u00f3nde proced\u00eda Arqu\u00edmedes?Cap\u00edtulo 2.-\u00bfC\u00f3mo se llamaba su padre y en qu\u00e9 trabajaba?Cap\u00edtulo 3.-\u00bfQu\u00e9 idioma hablaba\u2026","rel":"","context":"En \u00abAlumnos\u00bb","img":{"alt_text":"","src":"https:\/\/i0.wp.com\/1.bp.blogspot.com\/-F-K-W6pIzjs\/URcKrx0rYXI\/AAAAAAAABGY\/Zp1zVtXsazM\/s320\/%C3%ADndicearqui.jpg?resize=350%2C200","width":350,"height":200},"classes":[]},{"id":261,"url":"http:\/\/jesuitasburgos.es\/biblioteca\/?p=261","url_meta":{"origin":16,"position":5},"title":"M\u00c1S PREGUNTAS SOBRE DEPORTE","date":"20 diciembre, 2012","format":false,"excerpt":"\u00a0Sara Portugal nos env\u00eda otro cuestionario-concurso deportivo. En este caso el deporte elegido es el p\u00e1del. Esperamos vuestras respuestas en bibliotecajesuitasburgos@gmail.com. \u00a1\u00a1\u00c1nimo!!CUESTIONARIO\u00a0P\u00c1DEL1\u00ba \u00bfDesde qu\u00e9 a\u00f1o se practica el p\u00e1del?2\u00ba \u00bfCu\u00e1les son las dimensiones del campo interior?3\u00ba \u00bfCu\u00e1ntos focos debe\u00a0 haber en la pista?4\u00baCompleta: La pelota deber\u00e1 ser una esfera de\u2026","rel":"","context":"En \u00abAlumnos\u00bb","img":{"alt_text":"","src":"https:\/\/i0.wp.com\/2.bp.blogspot.com\/-N7KZnGW6OhA\/UME8hcUqvSI\/AAAAAAAAAZY\/ny486QAxGpE\/s320\/PADEL.jpg?resize=350%2C200","width":350,"height":200},"classes":[]}],"jetpack_likes_enabled":true,"_links":{"self":[{"href":"http:\/\/jesuitasburgos.es\/biblioteca\/index.php?rest_route=\/wp\/v2\/posts\/16"}],"collection":[{"href":"http:\/\/jesuitasburgos.es\/biblioteca\/index.php?rest_route=\/wp\/v2\/posts"}],"about":[{"href":"http:\/\/jesuitasburgos.es\/biblioteca\/index.php?rest_route=\/wp\/v2\/types\/post"}],"author":[{"embeddable":true,"href":"http:\/\/jesuitasburgos.es\/biblioteca\/index.php?rest_route=\/wp\/v2\/users\/1"}],"replies":[{"embeddable":true,"href":"http:\/\/jesuitasburgos.es\/biblioteca\/index.php?rest_route=%2Fwp%2Fv2%2Fcomments&post=16"}],"version-history":[{"count":0,"href":"http:\/\/jesuitasburgos.es\/biblioteca\/index.php?rest_route=\/wp\/v2\/posts\/16\/revisions"}],"wp:attachment":[{"href":"http:\/\/jesuitasburgos.es\/biblioteca\/index.php?rest_route=%2Fwp%2Fv2%2Fmedia&parent=16"}],"wp:term":[{"taxonomy":"category","embeddable":true,"href":"http:\/\/jesuitasburgos.es\/biblioteca\/index.php?rest_route=%2Fwp%2Fv2%2Fcategories&post=16"},{"taxonomy":"post_tag","embeddable":true,"href":"http:\/\/jesuitasburgos.es\/biblioteca\/index.php?rest_route=%2Fwp%2Fv2%2Ftags&post=16"}],"curies":[{"name":"wp","href":"https:\/\/api.w.org\/{rel}","templated":true}]}}