{"id":1244,"date":"2014-01-11T02:43:28","date_gmt":"2014-01-11T02:43:28","guid":{"rendered":"http:\/\/jesuitasburgos.es\/biblioteca\/?p=1244"},"modified":"2014-01-08T02:44:07","modified_gmt":"2014-01-08T02:44:07","slug":"callejeros-ortograficos-95","status":"publish","type":"post","link":"http:\/\/jesuitasburgos.es\/biblioteca\/?p=1244","title":{"rendered":"CALLEJEROS ORTOGR\u00c1FICOS"},"content":{"rendered":"<p>Paula Rodr\u00edguez tambi\u00e9n quiere participar con los callejeros.<\/p>\n<p><a href=\"https:\/\/i0.wp.com\/jesuitasburgos.es\/biblioteca\/wp-content\/uploads\/2014\/01\/20131215_182803.jpg\"><img data-attachment-id=\"1246\" data-permalink=\"http:\/\/jesuitasburgos.es\/biblioteca\/?attachment_id=1246\" data-orig-file=\"https:\/\/i0.wp.com\/jesuitasburgos.es\/biblioteca\/wp-content\/uploads\/2014\/01\/20131215_182803.jpg?fit=2560%2C1920\" data-orig-size=\"2560,1920\" data-comments-opened=\"1\" data-image-meta=\"{&quot;aperture&quot;:&quot;2.6&quot;,&quot;credit&quot;:&quot;&quot;,&quot;camera&quot;:&quot;GT-I8190N&quot;,&quot;caption&quot;:&quot;&quot;,&quot;created_timestamp&quot;:&quot;1387132082&quot;,&quot;copyright&quot;:&quot;&quot;,&quot;focal_length&quot;:&quot;3.54&quot;,&quot;iso&quot;:&quot;400&quot;,&quot;shutter_speed&quot;:&quot;0.125&quot;,&quot;title&quot;:&quot;&quot;}\" data-image-title=\"20131215_182803\" data-image-description=\"\" data-image-caption=\"\" data-medium-file=\"https:\/\/i0.wp.com\/jesuitasburgos.es\/biblioteca\/wp-content\/uploads\/2014\/01\/20131215_182803.jpg?fit=300%2C225\" data-large-file=\"https:\/\/i0.wp.com\/jesuitasburgos.es\/biblioteca\/wp-content\/uploads\/2014\/01\/20131215_182803.jpg?fit=800%2C600\" decoding=\"async\" loading=\"lazy\" class=\"aligncenter size-large wp-image-1246\" alt=\"20131215_182803\" src=\"https:\/\/i0.wp.com\/jesuitasburgos.es\/biblioteca\/wp-content\/uploads\/2014\/01\/20131215_182803.jpg?resize=800%2C600\" width=\"800\" height=\"600\" srcset=\"https:\/\/i0.wp.com\/jesuitasburgos.es\/biblioteca\/wp-content\/uploads\/2014\/01\/20131215_182803.jpg?resize=1024%2C768 1024w, https:\/\/i0.wp.com\/jesuitasburgos.es\/biblioteca\/wp-content\/uploads\/2014\/01\/20131215_182803.jpg?resize=300%2C225 300w, https:\/\/i0.wp.com\/jesuitasburgos.es\/biblioteca\/wp-content\/uploads\/2014\/01\/20131215_182803.jpg?resize=200%2C150 200w, https:\/\/i0.wp.com\/jesuitasburgos.es\/biblioteca\/wp-content\/uploads\/2014\/01\/20131215_182803.jpg?resize=150%2C112 150w, https:\/\/i0.wp.com\/jesuitasburgos.es\/biblioteca\/wp-content\/uploads\/2014\/01\/20131215_182803.jpg?w=1600 1600w, https:\/\/i0.wp.com\/jesuitasburgos.es\/biblioteca\/wp-content\/uploads\/2014\/01\/20131215_182803.jpg?w=2400 2400w\" sizes=\"(max-width: 800px) 100vw, 800px\" data-recalc-dims=\"1\" \/><\/a><a href=\"https:\/\/i0.wp.com\/jesuitasburgos.es\/biblioteca\/wp-content\/uploads\/2014\/01\/20131121_201641-e1389148975915.jpg\"><img data-attachment-id=\"1245\" data-permalink=\"http:\/\/jesuitasburgos.es\/biblioteca\/?attachment_id=1245\" data-orig-file=\"https:\/\/i0.wp.com\/jesuitasburgos.es\/biblioteca\/wp-content\/uploads\/2014\/01\/20131121_201641-e1389148975915.jpg?fit=1920%2C2560\" data-orig-size=\"1920,2560\" data-comments-opened=\"1\" data-image-meta=\"{&quot;aperture&quot;:&quot;2.6&quot;,&quot;credit&quot;:&quot;&quot;,&quot;camera&quot;:&quot;GT-I8190N&quot;,&quot;caption&quot;:&quot;&quot;,&quot;created_timestamp&quot;:&quot;1385065000&quot;,&quot;copyright&quot;:&quot;&quot;,&quot;focal_length&quot;:&quot;3.54&quot;,&quot;iso&quot;:&quot;200&quot;,&quot;shutter_speed&quot;:&quot;0.125&quot;,&quot;title&quot;:&quot;&quot;}\" data-image-title=\"20131121_201641\" data-image-description=\"\" data-image-caption=\"\" data-medium-file=\"https:\/\/i0.wp.com\/jesuitasburgos.es\/biblioteca\/wp-content\/uploads\/2014\/01\/20131121_201641-e1389148975915.jpg?fit=225%2C300\" data-large-file=\"https:\/\/i0.wp.com\/jesuitasburgos.es\/biblioteca\/wp-content\/uploads\/2014\/01\/20131121_201641-e1389148975915.jpg?fit=768%2C1024\" decoding=\"async\" loading=\"lazy\" class=\"aligncenter size-large wp-image-1245\" alt=\"20131121_201641\" src=\"https:\/\/i0.wp.com\/jesuitasburgos.es\/biblioteca\/wp-content\/uploads\/2014\/01\/20131121_201641-e1389148975915-768x1024.jpg?resize=768%2C1024\" width=\"768\" height=\"1024\" srcset=\"https:\/\/i0.wp.com\/jesuitasburgos.es\/biblioteca\/wp-content\/uploads\/2014\/01\/20131121_201641-e1389148975915.jpg?resize=768%2C1024 768w, https:\/\/i0.wp.com\/jesuitasburgos.es\/biblioteca\/wp-content\/uploads\/2014\/01\/20131121_201641-e1389148975915.jpg?resize=225%2C300 225w, https:\/\/i0.wp.com\/jesuitasburgos.es\/biblioteca\/wp-content\/uploads\/2014\/01\/20131121_201641-e1389148975915.jpg?w=1920 1920w, https:\/\/i0.wp.com\/jesuitasburgos.es\/biblioteca\/wp-content\/uploads\/2014\/01\/20131121_201641-e1389148975915.jpg?w=1600 1600w\" sizes=\"(max-width: 768px) 100vw, 768px\" data-recalc-dims=\"1\" \/><\/a><\/p>\n<p>&nbsp;<\/p>\n","protected":false},"excerpt":{"rendered":"<p>Paula Rodr\u00edguez tambi\u00e9n quiere participar con los callejeros. &nbsp;<\/p>\n","protected":false},"author":1,"featured_media":0,"comment_status":"open","ping_status":"open","sticky":false,"template":"","format":"standard","meta":{"jetpack_post_was_ever_published":false,"jetpack_publicize_message":"","jetpack_is_tweetstorm":false,"jetpack_publicize_feature_enabled":true,"jetpack_social_post_already_shared":false,"jetpack_social_options":{"image_generator_settings":{"template":"highway","enabled":false}}},"categories":[8,3,18],"tags":[],"jetpack_publicize_connections":[],"jetpack_featured_media_url":"","jetpack_sharing_enabled":true,"jetpack_shortlink":"https:\/\/wp.me\/p5H2Oh-k4","jetpack-related-posts":[{"id":1935,"url":"http:\/\/jesuitasburgos.es\/biblioteca\/?p=1935","url_meta":{"origin":1244,"position":0},"title":"CALLEJEROS ORTOGR\u00c1FICOS","date":"30 mayo, 2014","format":false,"excerpt":"Paula Fern\u00e1ndez nos demuestra que en el deporte tambi\u00e9n se cometen los mismos errores ortogr\u00e1ficos...","rel":"","context":"En \u00abAlumnos\u00bb","img":{"alt_text":"","src":"https:\/\/i0.wp.com\/jesuitasburgos.es\/biblioteca\/wp-content\/uploads\/2014\/05\/20140201_142447-300x225.jpg?resize=350%2C200","width":350,"height":200},"classes":[]},{"id":1260,"url":"http:\/\/jesuitasburgos.es\/biblioteca\/?p=1260","url_meta":{"origin":1244,"position":1},"title":"CALLEJEROS ORTOGR\u00c1FICOS","date":"13 enero, 2014","format":false,"excerpt":"Paula Fern\u00e1ndez\u00a0 quiere compartir con nosotros estas fotos que reflejan la falta de tildes una vez m\u00e1s.","rel":"","context":"En \u00abAlumnos\u00bb","img":{"alt_text":"20131225_173835","src":"https:\/\/i0.wp.com\/jesuitasburgos.es\/biblioteca\/wp-content\/uploads\/2014\/01\/20131225_173835-1024x768.jpg?resize=350%2C200","width":350,"height":200},"classes":[]},{"id":1818,"url":"http:\/\/jesuitasburgos.es\/biblioteca\/?p=1818","url_meta":{"origin":1244,"position":2},"title":"CALLEJEROS ORTOGR\u00c1FICOS","date":"7 mayo, 2014","format":false,"excerpt":"Esta portada de El Pa\u00eds merece tambi\u00e9n ser portada de nuestra secci\u00f3n de Callejeros ortogr\u00e1ficos. Lo dice siempre Rafa Pampliega: los exclavos fueron clavos y ya no lo son; eso les hubiera gustado mucho a los esclavos...","rel":"","context":"En \u00abAlumnos\u00bb","img":{"alt_text":"","src":"https:\/\/i0.wp.com\/jesuitasburgos.es\/biblioteca\/wp-content\/uploads\/2014\/05\/IMG-20140427-WA0015.jpg?resize=350%2C200","width":350,"height":200},"classes":[]},{"id":1165,"url":"http:\/\/jesuitasburgos.es\/biblioteca\/?p=1165","url_meta":{"origin":1244,"position":3},"title":"CALLEJEROS ORTOGR\u00c1FICOS","date":"4 enero, 2014","format":false,"excerpt":"Preparando la Campa\u00f1a de Navidad nos encontramos con este documento de C\u00e1ritas Espa\u00f1ola. Imaginamos que es una errata por la proximidad de la m y la n en el teclado de los ordenadores; a veces tambi\u00e9n nos pasa con la b y la v.","rel":"","context":"En \u00abAlumnos\u00bb","img":{"alt_text":"","src":"","width":0,"height":0},"classes":[]},{"id":1826,"url":"http:\/\/jesuitasburgos.es\/biblioteca\/?p=1826","url_meta":{"origin":1244,"position":4},"title":"CALLEJEROS ORTOGR\u00c1FICOS","date":"8 mayo, 2014","format":false,"excerpt":"M\u00e1s de tildes. Por Paula Fern\u00e1ndez.","rel":"","context":"En \u00abAlumnos\u00bb","img":{"alt_text":"20140119_134903","src":"https:\/\/i0.wp.com\/jesuitasburgos.es\/biblioteca\/wp-content\/uploads\/2014\/05\/20140119_134903-1024x768.jpg?resize=350%2C200","width":350,"height":200},"classes":[]},{"id":54,"url":"http:\/\/jesuitasburgos.es\/biblioteca\/?p=54","url_meta":{"origin":1244,"position":5},"title":"CALLEJEROS ORTOGR\u00c1FICOS","date":"27 mayo, 2013","format":false,"excerpt":"Jairo P\u00e9rez, Pedro P\u00e9rez, Eduardo Torres y Pablo Melo son los callejeros ortogr\u00e1ficos que consiguieron estas fotos tras un breve paseo por nuestra ciudad. Denuncian con ellas la ausencia de tildes en los letreros. Gracias, chicos.","rel":"","context":"En \u00abAlumnos\u00bb","img":{"alt_text":"","src":"","width":0,"height":0},"classes":[]}],"jetpack_likes_enabled":true,"_links":{"self":[{"href":"http:\/\/jesuitasburgos.es\/biblioteca\/index.php?rest_route=\/wp\/v2\/posts\/1244"}],"collection":[{"href":"http:\/\/jesuitasburgos.es\/biblioteca\/index.php?rest_route=\/wp\/v2\/posts"}],"about":[{"href":"http:\/\/jesuitasburgos.es\/biblioteca\/index.php?rest_route=\/wp\/v2\/types\/post"}],"author":[{"embeddable":true,"href":"http:\/\/jesuitasburgos.es\/biblioteca\/index.php?rest_route=\/wp\/v2\/users\/1"}],"replies":[{"embeddable":true,"href":"http:\/\/jesuitasburgos.es\/biblioteca\/index.php?rest_route=%2Fwp%2Fv2%2Fcomments&post=1244"}],"version-history":[{"count":1,"href":"http:\/\/jesuitasburgos.es\/biblioteca\/index.php?rest_route=\/wp\/v2\/posts\/1244\/revisions"}],"predecessor-version":[{"id":1247,"href":"http:\/\/jesuitasburgos.es\/biblioteca\/index.php?rest_route=\/wp\/v2\/posts\/1244\/revisions\/1247"}],"wp:attachment":[{"href":"http:\/\/jesuitasburgos.es\/biblioteca\/index.php?rest_route=%2Fwp%2Fv2%2Fmedia&parent=1244"}],"wp:term":[{"taxonomy":"category","embeddable":true,"href":"http:\/\/jesuitasburgos.es\/biblioteca\/index.php?rest_route=%2Fwp%2Fv2%2Fcategories&post=1244"},{"taxonomy":"post_tag","embeddable":true,"href":"http:\/\/jesuitasburgos.es\/biblioteca\/index.php?rest_route=%2Fwp%2Fv2%2Ftags&post=1244"}],"curies":[{"name":"wp","href":"https:\/\/api.w.org\/{rel}","templated":true}]}}