{"id":1217,"date":"2014-01-08T02:21:50","date_gmt":"2014-01-08T02:21:50","guid":{"rendered":"http:\/\/jesuitasburgos.es\/biblioteca\/?p=1217"},"modified":"2014-01-08T02:21:50","modified_gmt":"2014-01-08T02:21:50","slug":"la-voz-de-jesuitas-ii-3","status":"publish","type":"post","link":"http:\/\/jesuitasburgos.es\/biblioteca\/?p=1217","title":{"rendered":"LA VOZ DE JESUITAS II"},"content":{"rendered":"<p>Aqu\u00ed os presentamos a nuestro jurado y al presentador. MUCHAS GRACIAS.<\/p>\n<figure id=\"attachment_1218\" aria-describedby=\"caption-attachment-1218\" style=\"width: 800px\" class=\"wp-caption aligncenter\"><a href=\"https:\/\/i0.wp.com\/jesuitasburgos.es\/biblioteca\/wp-content\/uploads\/2014\/01\/IMG_0126.jpg\"><img data-attachment-id=\"1218\" data-permalink=\"http:\/\/jesuitasburgos.es\/biblioteca\/?attachment_id=1218\" data-orig-file=\"https:\/\/i0.wp.com\/jesuitasburgos.es\/biblioteca\/wp-content\/uploads\/2014\/01\/IMG_0126.jpg?fit=4320%2C3240\" data-orig-size=\"4320,3240\" data-comments-opened=\"1\" data-image-meta=\"{&quot;aperture&quot;:&quot;3.1&quot;,&quot;credit&quot;:&quot;&quot;,&quot;camera&quot;:&quot;Canon PowerShot SX210 IS&quot;,&quot;caption&quot;:&quot;&quot;,&quot;created_timestamp&quot;:&quot;1387549795&quot;,&quot;copyright&quot;:&quot;&quot;,&quot;focal_length&quot;:&quot;5&quot;,&quot;iso&quot;:&quot;500&quot;,&quot;shutter_speed&quot;:&quot;0.033333333333333&quot;,&quot;title&quot;:&quot;&quot;}\" data-image-title=\"IMG_0126\" data-image-description=\"\" data-image-caption=\"\" data-medium-file=\"https:\/\/i0.wp.com\/jesuitasburgos.es\/biblioteca\/wp-content\/uploads\/2014\/01\/IMG_0126.jpg?fit=300%2C225\" data-large-file=\"https:\/\/i0.wp.com\/jesuitasburgos.es\/biblioteca\/wp-content\/uploads\/2014\/01\/IMG_0126.jpg?fit=800%2C600\" decoding=\"async\" loading=\"lazy\" class=\" wp-image-1218\" alt=\"IMG_0126\" src=\"https:\/\/i0.wp.com\/jesuitasburgos.es\/biblioteca\/wp-content\/uploads\/2014\/01\/IMG_0126.jpg?resize=800%2C600\" width=\"800\" height=\"600\" srcset=\"https:\/\/i0.wp.com\/jesuitasburgos.es\/biblioteca\/wp-content\/uploads\/2014\/01\/IMG_0126.jpg?resize=1024%2C768 1024w, https:\/\/i0.wp.com\/jesuitasburgos.es\/biblioteca\/wp-content\/uploads\/2014\/01\/IMG_0126.jpg?resize=300%2C225 300w, https:\/\/i0.wp.com\/jesuitasburgos.es\/biblioteca\/wp-content\/uploads\/2014\/01\/IMG_0126.jpg?resize=200%2C150 200w, https:\/\/i0.wp.com\/jesuitasburgos.es\/biblioteca\/wp-content\/uploads\/2014\/01\/IMG_0126.jpg?resize=150%2C112 150w, https:\/\/i0.wp.com\/jesuitasburgos.es\/biblioteca\/wp-content\/uploads\/2014\/01\/IMG_0126.jpg?w=1600 1600w, https:\/\/i0.wp.com\/jesuitasburgos.es\/biblioteca\/wp-content\/uploads\/2014\/01\/IMG_0126.jpg?w=2400 2400w\" sizes=\"(max-width: 800px) 100vw, 800px\" data-recalc-dims=\"1\" \/><\/a><figcaption id=\"caption-attachment-1218\" class=\"wp-caption-text\">V\u00cdCTOR OROZCO<\/figcaption><\/figure>\n<figure id=\"attachment_1219\" aria-describedby=\"caption-attachment-1219\" style=\"width: 800px\" class=\"wp-caption aligncenter\"><a href=\"https:\/\/i0.wp.com\/jesuitasburgos.es\/biblioteca\/wp-content\/uploads\/2014\/01\/IMG_0127.jpg\"><img data-attachment-id=\"1219\" data-permalink=\"http:\/\/jesuitasburgos.es\/biblioteca\/?attachment_id=1219\" data-orig-file=\"https:\/\/i0.wp.com\/jesuitasburgos.es\/biblioteca\/wp-content\/uploads\/2014\/01\/IMG_0127.jpg?fit=4320%2C3240\" data-orig-size=\"4320,3240\" data-comments-opened=\"1\" data-image-meta=\"{&quot;aperture&quot;:&quot;3.1&quot;,&quot;credit&quot;:&quot;&quot;,&quot;camera&quot;:&quot;Canon PowerShot SX210 IS&quot;,&quot;caption&quot;:&quot;&quot;,&quot;created_timestamp&quot;:&quot;1387549801&quot;,&quot;copyright&quot;:&quot;&quot;,&quot;focal_length&quot;:&quot;5&quot;,&quot;iso&quot;:&quot;400&quot;,&quot;shutter_speed&quot;:&quot;0.033333333333333&quot;,&quot;title&quot;:&quot;&quot;}\" data-image-title=\"IMG_0127\" data-image-description=\"\" data-image-caption=\"\" data-medium-file=\"https:\/\/i0.wp.com\/jesuitasburgos.es\/biblioteca\/wp-content\/uploads\/2014\/01\/IMG_0127.jpg?fit=300%2C225\" data-large-file=\"https:\/\/i0.wp.com\/jesuitasburgos.es\/biblioteca\/wp-content\/uploads\/2014\/01\/IMG_0127.jpg?fit=800%2C600\" decoding=\"async\" loading=\"lazy\" class=\" wp-image-1219\" alt=\"IMG_0127\" src=\"https:\/\/i0.wp.com\/jesuitasburgos.es\/biblioteca\/wp-content\/uploads\/2014\/01\/IMG_0127.jpg?resize=800%2C600\" width=\"800\" height=\"600\" srcset=\"https:\/\/i0.wp.com\/jesuitasburgos.es\/biblioteca\/wp-content\/uploads\/2014\/01\/IMG_0127.jpg?resize=1024%2C768 1024w, https:\/\/i0.wp.com\/jesuitasburgos.es\/biblioteca\/wp-content\/uploads\/2014\/01\/IMG_0127.jpg?resize=300%2C225 300w, https:\/\/i0.wp.com\/jesuitasburgos.es\/biblioteca\/wp-content\/uploads\/2014\/01\/IMG_0127.jpg?resize=200%2C150 200w, https:\/\/i0.wp.com\/jesuitasburgos.es\/biblioteca\/wp-content\/uploads\/2014\/01\/IMG_0127.jpg?resize=150%2C112 150w, https:\/\/i0.wp.com\/jesuitasburgos.es\/biblioteca\/wp-content\/uploads\/2014\/01\/IMG_0127.jpg?w=1600 1600w, https:\/\/i0.wp.com\/jesuitasburgos.es\/biblioteca\/wp-content\/uploads\/2014\/01\/IMG_0127.jpg?w=2400 2400w\" sizes=\"(max-width: 800px) 100vw, 800px\" data-recalc-dims=\"1\" \/><\/a><figcaption id=\"caption-attachment-1219\" class=\"wp-caption-text\">JIMENA MAL\u00da<\/figcaption><\/figure>\n<figure id=\"attachment_1220\" aria-describedby=\"caption-attachment-1220\" style=\"width: 800px\" class=\"wp-caption aligncenter\"><a href=\"https:\/\/i0.wp.com\/jesuitasburgos.es\/biblioteca\/wp-content\/uploads\/2014\/01\/IMG_0128.jpg\"><img data-attachment-id=\"1220\" data-permalink=\"http:\/\/jesuitasburgos.es\/biblioteca\/?attachment_id=1220\" data-orig-file=\"https:\/\/i0.wp.com\/jesuitasburgos.es\/biblioteca\/wp-content\/uploads\/2014\/01\/IMG_0128.jpg?fit=4320%2C3240\" data-orig-size=\"4320,3240\" data-comments-opened=\"1\" data-image-meta=\"{&quot;aperture&quot;:&quot;3.1&quot;,&quot;credit&quot;:&quot;&quot;,&quot;camera&quot;:&quot;Canon PowerShot SX210 IS&quot;,&quot;caption&quot;:&quot;&quot;,&quot;created_timestamp&quot;:&quot;1387549807&quot;,&quot;copyright&quot;:&quot;&quot;,&quot;focal_length&quot;:&quot;5&quot;,&quot;iso&quot;:&quot;640&quot;,&quot;shutter_speed&quot;:&quot;0.033333333333333&quot;,&quot;title&quot;:&quot;&quot;}\" data-image-title=\"IMG_0128\" data-image-description=\"\" data-image-caption=\"\" data-medium-file=\"https:\/\/i0.wp.com\/jesuitasburgos.es\/biblioteca\/wp-content\/uploads\/2014\/01\/IMG_0128.jpg?fit=300%2C225\" data-large-file=\"https:\/\/i0.wp.com\/jesuitasburgos.es\/biblioteca\/wp-content\/uploads\/2014\/01\/IMG_0128.jpg?fit=800%2C600\" decoding=\"async\" loading=\"lazy\" class=\" wp-image-1220\" alt=\"IMG_0128\" src=\"https:\/\/i0.wp.com\/jesuitasburgos.es\/biblioteca\/wp-content\/uploads\/2014\/01\/IMG_0128.jpg?resize=800%2C600\" width=\"800\" height=\"600\" srcset=\"https:\/\/i0.wp.com\/jesuitasburgos.es\/biblioteca\/wp-content\/uploads\/2014\/01\/IMG_0128.jpg?resize=1024%2C768 1024w, https:\/\/i0.wp.com\/jesuitasburgos.es\/biblioteca\/wp-content\/uploads\/2014\/01\/IMG_0128.jpg?resize=300%2C225 300w, https:\/\/i0.wp.com\/jesuitasburgos.es\/biblioteca\/wp-content\/uploads\/2014\/01\/IMG_0128.jpg?resize=200%2C150 200w, https:\/\/i0.wp.com\/jesuitasburgos.es\/biblioteca\/wp-content\/uploads\/2014\/01\/IMG_0128.jpg?resize=150%2C112 150w, https:\/\/i0.wp.com\/jesuitasburgos.es\/biblioteca\/wp-content\/uploads\/2014\/01\/IMG_0128.jpg?w=1600 1600w, https:\/\/i0.wp.com\/jesuitasburgos.es\/biblioteca\/wp-content\/uploads\/2014\/01\/IMG_0128.jpg?w=2400 2400w\" sizes=\"(max-width: 800px) 100vw, 800px\" data-recalc-dims=\"1\" \/><\/a><figcaption id=\"caption-attachment-1220\" class=\"wp-caption-text\">ROSARIO G\u00aa ALLU\u00c9<\/figcaption><\/figure>\n<figure id=\"attachment_1221\" aria-describedby=\"caption-attachment-1221\" style=\"width: 800px\" class=\"wp-caption aligncenter\"><a href=\"https:\/\/i0.wp.com\/jesuitasburgos.es\/biblioteca\/wp-content\/uploads\/2014\/01\/IMG_0129.jpg\"><img data-attachment-id=\"1221\" data-permalink=\"http:\/\/jesuitasburgos.es\/biblioteca\/?attachment_id=1221\" data-orig-file=\"https:\/\/i0.wp.com\/jesuitasburgos.es\/biblioteca\/wp-content\/uploads\/2014\/01\/IMG_0129.jpg?fit=4320%2C3240\" data-orig-size=\"4320,3240\" data-comments-opened=\"1\" data-image-meta=\"{&quot;aperture&quot;:&quot;3.1&quot;,&quot;credit&quot;:&quot;&quot;,&quot;camera&quot;:&quot;Canon PowerShot SX210 IS&quot;,&quot;caption&quot;:&quot;&quot;,&quot;created_timestamp&quot;:&quot;1387549813&quot;,&quot;copyright&quot;:&quot;&quot;,&quot;focal_length&quot;:&quot;5&quot;,&quot;iso&quot;:&quot;400&quot;,&quot;shutter_speed&quot;:&quot;0.033333333333333&quot;,&quot;title&quot;:&quot;&quot;}\" data-image-title=\"IMG_0129\" data-image-description=\"\" data-image-caption=\"\" data-medium-file=\"https:\/\/i0.wp.com\/jesuitasburgos.es\/biblioteca\/wp-content\/uploads\/2014\/01\/IMG_0129.jpg?fit=300%2C225\" data-large-file=\"https:\/\/i0.wp.com\/jesuitasburgos.es\/biblioteca\/wp-content\/uploads\/2014\/01\/IMG_0129.jpg?fit=800%2C600\" decoding=\"async\" loading=\"lazy\" class=\" wp-image-1221\" alt=\"IMG_0129\" src=\"https:\/\/i0.wp.com\/jesuitasburgos.es\/biblioteca\/wp-content\/uploads\/2014\/01\/IMG_0129.jpg?resize=800%2C600\" width=\"800\" height=\"600\" srcset=\"https:\/\/i0.wp.com\/jesuitasburgos.es\/biblioteca\/wp-content\/uploads\/2014\/01\/IMG_0129.jpg?resize=1024%2C768 1024w, https:\/\/i0.wp.com\/jesuitasburgos.es\/biblioteca\/wp-content\/uploads\/2014\/01\/IMG_0129.jpg?resize=300%2C225 300w, https:\/\/i0.wp.com\/jesuitasburgos.es\/biblioteca\/wp-content\/uploads\/2014\/01\/IMG_0129.jpg?resize=200%2C150 200w, https:\/\/i0.wp.com\/jesuitasburgos.es\/biblioteca\/wp-content\/uploads\/2014\/01\/IMG_0129.jpg?resize=150%2C112 150w, https:\/\/i0.wp.com\/jesuitasburgos.es\/biblioteca\/wp-content\/uploads\/2014\/01\/IMG_0129.jpg?w=1600 1600w, https:\/\/i0.wp.com\/jesuitasburgos.es\/biblioteca\/wp-content\/uploads\/2014\/01\/IMG_0129.jpg?w=2400 2400w\" sizes=\"(max-width: 800px) 100vw, 800px\" data-recalc-dims=\"1\" \/><\/a><figcaption id=\"caption-attachment-1221\" class=\"wp-caption-text\">JUAN BISBAL<\/figcaption><\/figure>\n<figure id=\"attachment_1222\" aria-describedby=\"caption-attachment-1222\" style=\"width: 800px\" class=\"wp-caption aligncenter\"><a href=\"https:\/\/i0.wp.com\/jesuitasburgos.es\/biblioteca\/wp-content\/uploads\/2014\/01\/IMG_0130.jpg\"><img data-attachment-id=\"1222\" data-permalink=\"http:\/\/jesuitasburgos.es\/biblioteca\/?attachment_id=1222\" data-orig-file=\"https:\/\/i0.wp.com\/jesuitasburgos.es\/biblioteca\/wp-content\/uploads\/2014\/01\/IMG_0130.jpg?fit=4320%2C3240\" data-orig-size=\"4320,3240\" data-comments-opened=\"1\" data-image-meta=\"{&quot;aperture&quot;:&quot;3.1&quot;,&quot;credit&quot;:&quot;&quot;,&quot;camera&quot;:&quot;Canon PowerShot SX210 IS&quot;,&quot;caption&quot;:&quot;&quot;,&quot;created_timestamp&quot;:&quot;1387549819&quot;,&quot;copyright&quot;:&quot;&quot;,&quot;focal_length&quot;:&quot;5&quot;,&quot;iso&quot;:&quot;320&quot;,&quot;shutter_speed&quot;:&quot;0.033333333333333&quot;,&quot;title&quot;:&quot;&quot;}\" data-image-title=\"IMG_0130\" data-image-description=\"\" data-image-caption=\"\" data-medium-file=\"https:\/\/i0.wp.com\/jesuitasburgos.es\/biblioteca\/wp-content\/uploads\/2014\/01\/IMG_0130.jpg?fit=300%2C225\" data-large-file=\"https:\/\/i0.wp.com\/jesuitasburgos.es\/biblioteca\/wp-content\/uploads\/2014\/01\/IMG_0130.jpg?fit=800%2C600\" decoding=\"async\" loading=\"lazy\" class=\" wp-image-1222\" alt=\"IMG_0130\" src=\"https:\/\/i0.wp.com\/jesuitasburgos.es\/biblioteca\/wp-content\/uploads\/2014\/01\/IMG_0130.jpg?resize=800%2C600\" width=\"800\" height=\"600\" srcset=\"https:\/\/i0.wp.com\/jesuitasburgos.es\/biblioteca\/wp-content\/uploads\/2014\/01\/IMG_0130.jpg?resize=1024%2C768 1024w, https:\/\/i0.wp.com\/jesuitasburgos.es\/biblioteca\/wp-content\/uploads\/2014\/01\/IMG_0130.jpg?resize=300%2C225 300w, https:\/\/i0.wp.com\/jesuitasburgos.es\/biblioteca\/wp-content\/uploads\/2014\/01\/IMG_0130.jpg?resize=200%2C150 200w, https:\/\/i0.wp.com\/jesuitasburgos.es\/biblioteca\/wp-content\/uploads\/2014\/01\/IMG_0130.jpg?resize=150%2C112 150w, https:\/\/i0.wp.com\/jesuitasburgos.es\/biblioteca\/wp-content\/uploads\/2014\/01\/IMG_0130.jpg?w=1600 1600w, https:\/\/i0.wp.com\/jesuitasburgos.es\/biblioteca\/wp-content\/uploads\/2014\/01\/IMG_0130.jpg?w=2400 2400w\" sizes=\"(max-width: 800px) 100vw, 800px\" data-recalc-dims=\"1\" \/><\/a><figcaption id=\"caption-attachment-1222\" class=\"wp-caption-text\">RODRI V\u00c1ZQUEZ Y TANIA \u00abPORRES\u00bb LLASERA<\/figcaption><\/figure>\n<figure id=\"attachment_1223\" aria-describedby=\"caption-attachment-1223\" style=\"width: 800px\" class=\"wp-caption aligncenter\"><a href=\"https:\/\/i0.wp.com\/jesuitasburgos.es\/biblioteca\/wp-content\/uploads\/2014\/01\/IMG_0137.jpg\"><img data-attachment-id=\"1223\" data-permalink=\"http:\/\/jesuitasburgos.es\/biblioteca\/?attachment_id=1223\" data-orig-file=\"https:\/\/i0.wp.com\/jesuitasburgos.es\/biblioteca\/wp-content\/uploads\/2014\/01\/IMG_0137.jpg?fit=4320%2C3240\" data-orig-size=\"4320,3240\" data-comments-opened=\"1\" data-image-meta=\"{&quot;aperture&quot;:&quot;3.1&quot;,&quot;credit&quot;:&quot;&quot;,&quot;camera&quot;:&quot;Canon PowerShot SX210 IS&quot;,&quot;caption&quot;:&quot;&quot;,&quot;created_timestamp&quot;:&quot;1387550339&quot;,&quot;copyright&quot;:&quot;&quot;,&quot;focal_length&quot;:&quot;5&quot;,&quot;iso&quot;:&quot;400&quot;,&quot;shutter_speed&quot;:&quot;0.033333333333333&quot;,&quot;title&quot;:&quot;&quot;}\" data-image-title=\"IMG_0137\" data-image-description=\"\" data-image-caption=\"\" data-medium-file=\"https:\/\/i0.wp.com\/jesuitasburgos.es\/biblioteca\/wp-content\/uploads\/2014\/01\/IMG_0137.jpg?fit=300%2C225\" data-large-file=\"https:\/\/i0.wp.com\/jesuitasburgos.es\/biblioteca\/wp-content\/uploads\/2014\/01\/IMG_0137.jpg?fit=800%2C600\" decoding=\"async\" loading=\"lazy\" class=\" wp-image-1223\" alt=\"IMG_0137\" src=\"https:\/\/i0.wp.com\/jesuitasburgos.es\/biblioteca\/wp-content\/uploads\/2014\/01\/IMG_0137.jpg?resize=800%2C600\" width=\"800\" height=\"600\" srcset=\"https:\/\/i0.wp.com\/jesuitasburgos.es\/biblioteca\/wp-content\/uploads\/2014\/01\/IMG_0137.jpg?resize=1024%2C768 1024w, https:\/\/i0.wp.com\/jesuitasburgos.es\/biblioteca\/wp-content\/uploads\/2014\/01\/IMG_0137.jpg?resize=300%2C225 300w, https:\/\/i0.wp.com\/jesuitasburgos.es\/biblioteca\/wp-content\/uploads\/2014\/01\/IMG_0137.jpg?resize=200%2C150 200w, https:\/\/i0.wp.com\/jesuitasburgos.es\/biblioteca\/wp-content\/uploads\/2014\/01\/IMG_0137.jpg?resize=150%2C112 150w, https:\/\/i0.wp.com\/jesuitasburgos.es\/biblioteca\/wp-content\/uploads\/2014\/01\/IMG_0137.jpg?w=1600 1600w, https:\/\/i0.wp.com\/jesuitasburgos.es\/biblioteca\/wp-content\/uploads\/2014\/01\/IMG_0137.jpg?w=2400 2400w\" sizes=\"(max-width: 800px) 100vw, 800px\" data-recalc-dims=\"1\" \/><\/a><figcaption id=\"caption-attachment-1223\" class=\"wp-caption-text\">GRACIAS POR VUESTRO SENTIDO DEL HUMOR<\/figcaption><\/figure>\n<figure id=\"attachment_1224\" aria-describedby=\"caption-attachment-1224\" style=\"width: 800px\" class=\"wp-caption aligncenter\"><a href=\"https:\/\/i0.wp.com\/jesuitasburgos.es\/biblioteca\/wp-content\/uploads\/2014\/01\/IMG_0136.jpg\"><img data-attachment-id=\"1224\" data-permalink=\"http:\/\/jesuitasburgos.es\/biblioteca\/?attachment_id=1224\" data-orig-file=\"https:\/\/i0.wp.com\/jesuitasburgos.es\/biblioteca\/wp-content\/uploads\/2014\/01\/IMG_0136.jpg?fit=4320%2C3240\" data-orig-size=\"4320,3240\" data-comments-opened=\"1\" data-image-meta=\"{&quot;aperture&quot;:&quot;4&quot;,&quot;credit&quot;:&quot;&quot;,&quot;camera&quot;:&quot;Canon PowerShot SX210 IS&quot;,&quot;caption&quot;:&quot;&quot;,&quot;created_timestamp&quot;:&quot;1387550083&quot;,&quot;copyright&quot;:&quot;&quot;,&quot;focal_length&quot;:&quot;12.222&quot;,&quot;iso&quot;:&quot;800&quot;,&quot;shutter_speed&quot;:&quot;0.025&quot;,&quot;title&quot;:&quot;&quot;}\" data-image-title=\"IMG_0136\" data-image-description=\"\" data-image-caption=\"\" data-medium-file=\"https:\/\/i0.wp.com\/jesuitasburgos.es\/biblioteca\/wp-content\/uploads\/2014\/01\/IMG_0136.jpg?fit=300%2C225\" data-large-file=\"https:\/\/i0.wp.com\/jesuitasburgos.es\/biblioteca\/wp-content\/uploads\/2014\/01\/IMG_0136.jpg?fit=800%2C600\" decoding=\"async\" loading=\"lazy\" class=\" wp-image-1224\" alt=\"IMG_0136\" src=\"https:\/\/i0.wp.com\/jesuitasburgos.es\/biblioteca\/wp-content\/uploads\/2014\/01\/IMG_0136.jpg?resize=800%2C600\" width=\"800\" height=\"600\" srcset=\"https:\/\/i0.wp.com\/jesuitasburgos.es\/biblioteca\/wp-content\/uploads\/2014\/01\/IMG_0136.jpg?resize=1024%2C768 1024w, https:\/\/i0.wp.com\/jesuitasburgos.es\/biblioteca\/wp-content\/uploads\/2014\/01\/IMG_0136.jpg?resize=300%2C225 300w, https:\/\/i0.wp.com\/jesuitasburgos.es\/biblioteca\/wp-content\/uploads\/2014\/01\/IMG_0136.jpg?resize=200%2C150 200w, https:\/\/i0.wp.com\/jesuitasburgos.es\/biblioteca\/wp-content\/uploads\/2014\/01\/IMG_0136.jpg?resize=150%2C112 150w, https:\/\/i0.wp.com\/jesuitasburgos.es\/biblioteca\/wp-content\/uploads\/2014\/01\/IMG_0136.jpg?w=1600 1600w, https:\/\/i0.wp.com\/jesuitasburgos.es\/biblioteca\/wp-content\/uploads\/2014\/01\/IMG_0136.jpg?w=2400 2400w\" sizes=\"(max-width: 800px) 100vw, 800px\" data-recalc-dims=\"1\" \/><\/a><figcaption id=\"caption-attachment-1224\" class=\"wp-caption-text\">Jos\u00e9 Luis V\u00e1zquez sj puso el broche de oro recitando en espa\u00f1ol y en ingl\u00e9s<\/figcaption><\/figure>\n<p style=\"text-align: center;\">\n","protected":false},"excerpt":{"rendered":"<p>Aqu\u00ed os presentamos a nuestro jurado y al presentador. MUCHAS GRACIAS.<\/p>\n","protected":false},"author":1,"featured_media":0,"comment_status":"open","ping_status":"open","sticky":false,"template":"","format":"standard","meta":{"jetpack_post_was_ever_published":false,"jetpack_publicize_message":"","jetpack_is_tweetstorm":false,"jetpack_publicize_feature_enabled":true,"jetpack_social_post_already_shared":false,"jetpack_social_options":{"image_generator_settings":{"template":"highway","enabled":false}}},"categories":[8,18,52,41,29],"tags":[],"jetpack_publicize_connections":[],"jetpack_featured_media_url":"","jetpack_sharing_enabled":true,"jetpack_shortlink":"https:\/\/wp.me\/p5H2Oh-jD","jetpack-related-posts":[{"id":2150,"url":"http:\/\/jesuitasburgos.es\/biblioteca\/?p=2150","url_meta":{"origin":1217,"position":0},"title":"LA VOZ DE JESUITAS &#8211; FUROR","date":"16 diciembre, 2014","format":false,"excerpt":"Un a\u00f1o m\u00e1s despediremos el primer trimestre con una nueva edici\u00f3n \u00a0de \u00a0La Voz de Jesuitas.\u00a0Desde el Departamento de Pastoral y para alumnos de 1\u00ba y 2\u00ba de ESO se est\u00e1 preparando un divertido concurso lleno de villancicos, poemas, buen humor y alegr\u00eda. Seguro que no decepcionar\u00e1 a nadie... \u00a0","rel":"","context":"En \u00abAlumnos\u00bb","img":{"alt_text":"","src":"https:\/\/i0.wp.com\/jesuitasburgos.es\/biblioteca\/wp-content\/uploads\/2014\/12\/logo-voz_MDSIMA20121025_0005_36.jpg?fit=400%2C225&resize=350%2C200","width":350,"height":200},"classes":[]},{"id":1182,"url":"http:\/\/jesuitasburgos.es\/biblioteca\/?p=1182","url_meta":{"origin":1217,"position":1},"title":"LA VOZ DE JESUITAS II","date":"8 enero, 2014","format":false,"excerpt":"Todo lo bueno se hace esperar... y, por fin, vais a poder ver fotos de las actuaciones que tuvieron lugar en nuestra biblioteca el pasado 20 de diciembre (el a\u00f1o pasado) con motivo de la celebraci\u00f3n de la 2\u00aa edici\u00f3n de La Voz de Jesuitas. Este a\u00f1o ha habido gran\u2026","rel":"","context":"En \u00abAlumnos\u00bb","img":{"alt_text":"","src":"https:\/\/i0.wp.com\/jesuitasburgos.es\/biblioteca\/wp-content\/uploads\/2014\/01\/IMG_0011-300x225.jpg?resize=350%2C200","width":350,"height":200},"classes":[]},{"id":210,"url":"http:\/\/jesuitasburgos.es\/biblioteca\/?p=210","url_meta":{"origin":1217,"position":2},"title":"PREMIOS TRIMESTRE LITERATURA Y DEPORTE","date":"25 enero, 2013","format":false,"excerpt":"Pedro Jos\u00e9 P\u00e9rez Sancho gan\u00f3 La Voz de Jesuitas\u00a0Os dejamos m\u00e1s fotos de\u00a0 alumnos ganadores de los diferentes concursos del primer trimestre de nuestra biblioteca. Sus caras muestran una gran satisfacci\u00f3n y alegr\u00eda. Gracias por participar, chicos.Pablo Aguado, ganador del crucigrama tem\u00e1ticoPatricia Pastor Soto ganadora La Voz de JesuitasSilvia Sim\u00f3n\u00a0\u2026","rel":"","context":"En \u00abAlumnos\u00bb","img":{"alt_text":"","src":"https:\/\/i0.wp.com\/1.bp.blogspot.com\/-m2yxwWuuMB0\/UP87uzav-KI\/AAAAAAAAA50\/BOrucwyIDzk\/s320\/P1010021rotado.jpg?resize=350%2C200","width":350,"height":200},"classes":[]},{"id":228,"url":"http:\/\/jesuitasburgos.es\/biblioteca\/?p=228","url_meta":{"origin":1217,"position":3},"title":"LA VOZ DE JESUITAS &#8211; ALGUNOS POEMAS RECITADOS AQUEL D\u00cdA","date":"7 enero, 2013","format":false,"excerpt":"POEMAS DE NAVIDAD","rel":"","context":"En \u00abAlumnos\u00bb","img":{"alt_text":"","src":"https:\/\/i0.wp.com\/1.bp.blogspot.com\/-2L_27GFEbzA\/TuNbimQXfiI\/AAAAAAAAES4\/iHD67_L2Q1Q\/s320\/a+las+doce+d+la+noche.jpg?resize=350%2C200","width":350,"height":200},"classes":[]},{"id":214,"url":"http:\/\/jesuitasburgos.es\/biblioteca\/?p=214","url_meta":{"origin":1217,"position":4},"title":"PREMIOS TRIMESTRE TEM\u00c1TICO LITERATURA Y DEPORTE","date":"22 enero, 2013","format":false,"excerpt":"Como prometimos, el viernes pasado se entregaron los premios correspondientes al Trimestre tem\u00e1tico Literatura y Deporte.\u00a0En un acto sencillo, los alumnos que han destacado por su participaci\u00f3n en las actividades, juegos y concursos\u00a0 propuestos por la biblioteca del colegio recogieron sus premios.Os damos las gracias a todos por vuestro inter\u00e9s\u2026","rel":"","context":"En \u00abAlumnos\u00bb","img":{"alt_text":"","src":"https:\/\/i0.wp.com\/2.bp.blogspot.com\/-_Pm4iaorRDM\/UPyi5UF3o3I\/AAAAAAAAA00\/AfG1fbPgFD0\/s320\/P1010016.JPG?resize=350%2C200","width":350,"height":200},"classes":[]},{"id":1264,"url":"http:\/\/jesuitasburgos.es\/biblioteca\/?p=1264","url_meta":{"origin":1217,"position":5},"title":"LA VOZ DE JESUITAS II","date":"8 enero, 2014","format":false,"excerpt":"Os dejamos las letras de las canciones que compuso Andrea Mart\u00ednez para el d\u00eda de nuestro concurso. Ya ha quedado dicho que Andrea gan\u00f3 el concurso de 1\u00ba de ESO. Christmas, Christmas Is the time of presents and ice Winter, winter Let me get fun A tree in your house\u2026","rel":"","context":"En \u00abAlumnos\u00bb","img":{"alt_text":"","src":"https:\/\/i0.wp.com\/jesuitasburgos.es\/biblioteca\/wp-content\/uploads\/2014\/01\/IMG_0054-300x225.jpg?resize=350%2C200","width":350,"height":200},"classes":[]}],"jetpack_likes_enabled":true,"_links":{"self":[{"href":"http:\/\/jesuitasburgos.es\/biblioteca\/index.php?rest_route=\/wp\/v2\/posts\/1217"}],"collection":[{"href":"http:\/\/jesuitasburgos.es\/biblioteca\/index.php?rest_route=\/wp\/v2\/posts"}],"about":[{"href":"http:\/\/jesuitasburgos.es\/biblioteca\/index.php?rest_route=\/wp\/v2\/types\/post"}],"author":[{"embeddable":true,"href":"http:\/\/jesuitasburgos.es\/biblioteca\/index.php?rest_route=\/wp\/v2\/users\/1"}],"replies":[{"embeddable":true,"href":"http:\/\/jesuitasburgos.es\/biblioteca\/index.php?rest_route=%2Fwp%2Fv2%2Fcomments&post=1217"}],"version-history":[{"count":1,"href":"http:\/\/jesuitasburgos.es\/biblioteca\/index.php?rest_route=\/wp\/v2\/posts\/1217\/revisions"}],"predecessor-version":[{"id":1225,"href":"http:\/\/jesuitasburgos.es\/biblioteca\/index.php?rest_route=\/wp\/v2\/posts\/1217\/revisions\/1225"}],"wp:attachment":[{"href":"http:\/\/jesuitasburgos.es\/biblioteca\/index.php?rest_route=%2Fwp%2Fv2%2Fmedia&parent=1217"}],"wp:term":[{"taxonomy":"category","embeddable":true,"href":"http:\/\/jesuitasburgos.es\/biblioteca\/index.php?rest_route=%2Fwp%2Fv2%2Fcategories&post=1217"},{"taxonomy":"post_tag","embeddable":true,"href":"http:\/\/jesuitasburgos.es\/biblioteca\/index.php?rest_route=%2Fwp%2Fv2%2Ftags&post=1217"}],"curies":[{"name":"wp","href":"https:\/\/api.w.org\/{rel}","templated":true}]}}