{"id":100,"date":"2013-04-17T00:21:00","date_gmt":"2013-04-17T00:21:00","guid":{"rendered":"http:\/\/jesuitasburgos.es\/biblioteca\/?p=100"},"modified":"2013-04-17T00:21:00","modified_gmt":"2013-04-17T00:21:00","slug":"leonard-euler","status":"publish","type":"post","link":"http:\/\/jesuitasburgos.es\/biblioteca\/?p=100","title":{"rendered":"LEONARD EULER"},"content":{"rendered":"<p>Aunque ya haya terminado el trimestre que dedicamos a la Ciencia, Gonzalo Merino nos env\u00eda este v\u00eddeo de Youtube sobre la figura de Euler, matem\u00e1tico y f\u00edsico suizo del siglo XVIII.<\/p>\n<p>Varios alumnos del colegio disfrutaron de la lectura de <i>Euler, el matem\u00e1tico<\/i>. Este libro contin\u00faa en nuestra biblioteca&#8230;<\/p>\n","protected":false},"excerpt":{"rendered":"<p>Aunque ya haya terminado el trimestre que dedicamos a la Ciencia, Gonzalo Merino nos env\u00eda este v\u00eddeo de Youtube sobre<\/p>\n","protected":false},"author":1,"featured_media":0,"comment_status":"open","ping_status":"open","sticky":false,"template":"","format":"standard","meta":{"jetpack_post_was_ever_published":false,"jetpack_publicize_message":"","jetpack_is_tweetstorm":false,"jetpack_publicize_feature_enabled":true,"jetpack_social_post_already_shared":false,"jetpack_social_options":{"image_generator_settings":{"template":"highway","enabled":false}}},"categories":[8,11,12,34],"tags":[],"jetpack_publicize_connections":[],"jetpack_featured_media_url":"","jetpack_sharing_enabled":true,"jetpack_shortlink":"https:\/\/wp.me\/p5H2Oh-1C","jetpack-related-posts":[{"id":205,"url":"http:\/\/jesuitasburgos.es\/biblioteca\/?p=205","url_meta":{"origin":100,"position":0},"title":"EULER, EL MATEM\u00c1TICO","date":"28 enero, 2013","format":false,"excerpt":"Primer cuestionario del Trimestre de la ciencia\u00a0Todos aquellos que quer\u00e1is participar deb\u00e9is leer Euler, el matem\u00e1tico\u00a0 y responder a las preguntas. No es necesario comprar el libro: lo ten\u00e9is en las estanter\u00edas de la biblioteca.\u00a0Enviad vuestras respuestas a bibliotecajesuitasburgos@gmail.comLa primera que sea correcta tendr\u00e1 premio.EULER, EL MATEM\u00c1TICOCap\u00edtulo 1. Un peque\u00f1o\u2026","rel":"","context":"En \u00abAlumnos\u00bb","img":{"alt_text":"","src":"","width":0,"height":0},"classes":[]},{"id":112,"url":"http:\/\/jesuitasburgos.es\/biblioteca\/?p=112","url_meta":{"origin":100,"position":1},"title":"ENTREGA DE PREMIOS TRIMESTRE DE LA CIENCIA","date":"9 abril, 2013","format":false,"excerpt":"Este pr\u00f3ximo mi\u00e9rcoles 10 de abril a la hora del recreo se entregar\u00e1n los premios correspondientes al segundo trimestre tem\u00e1tico de nuestra biblioteca. No han sido pocos los alumnos que han colaborado y queremos tener un peque\u00f1o detalle con ellos.Aprovecharemos la ocasi\u00f3n para presentar el nuevo tema para el tercer\u2026","rel":"","context":"En \u00abAlumnos\u00bb","img":{"alt_text":"","src":"https:\/\/i0.wp.com\/2.bp.blogspot.com\/-QLRFRoWek3I\/UWNfb5-zm6I\/AAAAAAAABkI\/QHTjHrfD7hY\/s200\/ciencia.jpg?resize=350%2C200","width":350,"height":200},"classes":[]},{"id":187,"url":"http:\/\/jesuitasburgos.es\/biblioteca\/?p=187","url_meta":{"origin":100,"position":2},"title":"GANADORES CONCURSOS TRIMESTRE DE LA CIENCIA","date":"14 febrero, 2013","format":false,"excerpt":"Mi correo electr\u00f3nico est\u00e1 que echa humo. Ya hay\u00a0 ganadores de algunos retos que os hemos propuesto. Estos son:PEDRO BRAVO PALACIOS - Ganador crucigrama matem\u00e1ticoFCO JAVIER AMO NESTARES - Poema-reto de las naranjasJORGE Y LORENA SAIZ BARTOLOMESANZ - Ganador crucigrama matem\u00e1ticos famosos.Seguid participando en los diferentes concursos y solucionando los\u2026","rel":"","context":"En \u00abAlumnos\u00bb","img":{"alt_text":"","src":"","width":0,"height":0},"classes":[]},{"id":174,"url":"http:\/\/jesuitasburgos.es\/biblioteca\/?p=174","url_meta":{"origin":100,"position":3},"title":"FERMAT Y SU TEOREMA","date":"22 febrero, 2013","format":false,"excerpt":"Nuestros alumnos no paran de enviarnos cuestionarios sobre la colecci\u00f3n de libros de cient\u00edficos-matem\u00e1ticos adquirida estre trimestre por la biblioteca.En este caso es Sabina Aparicio quien ha le\u00eddo el libro Fermat y su teorema y os propone este peque\u00f1o reto. Respuestas a bibliotecajesuitasburgos@gmail.com.FERMAT Y SU TEOREMA \u00bfA qu\u00e9 se dedicaba\u2026","rel":"","context":"En \u00abAlumnos\u00bb","img":{"alt_text":"","src":"https:\/\/i0.wp.com\/2.bp.blogspot.com\/-X06ADQwlL18\/USa_seW4zdI\/AAAAAAAABQE\/shXsjc2M13M\/s400\/fermat.jpg?resize=350%2C200","width":350,"height":200},"classes":[]},{"id":118,"url":"http:\/\/jesuitasburgos.es\/biblioteca\/?p=118","url_meta":{"origin":100,"position":4},"title":"EL \u00c1BACO EN NUESTRA BIBLIOTECA","date":"7 abril, 2013","format":false,"excerpt":"PRACTICANDO CON EL \u00c1BACOPara celebrar el final del trimestre tem\u00e1tico de la\u00a0ciencia, nuestros profesores de matem\u00e1ticas, Nuria y Juanma, nos invitaron a conocer el uso del \u00e1baco tradicional y del \u00e1baco japon\u00e9s (Sorob\u00e1n).\u00a0 As\u00ed que, el lunes 25 de marzo, fuimos a la biblioteca del colegio para asistir a una\u2026","rel":"","context":"En \u00abAlumnos\u00bb","img":{"alt_text":"","src":"https:\/\/i0.wp.com\/4.bp.blogspot.com\/-cKEN34cgKrA\/UV91-9SMJ1I\/AAAAAAAABhw\/2JZGAChKciY\/s320\/IMG_4619.JPG?resize=350%2C200","width":350,"height":200},"classes":[]},{"id":189,"url":"http:\/\/jesuitasburgos.es\/biblioteca\/?p=189","url_meta":{"origin":100,"position":5},"title":"EUCLIDES, EL GE\u00d3METRA","date":"13 febrero, 2013","format":false,"excerpt":"Cecilia San Mill\u00e1n de 4\u00ba de ESO ha le\u00eddo uno de los libros de la colecci\u00f3n que la biblioteca ha adquirido para este trimestre. Adem\u00e1s, se ha entretenido en confeccionar un cuestionario para motivar a otros alumnos a leer este libro. Ya sab\u00e9is, pod\u00e9is enviar vuestras respuestas a bibliotecajesuitasburgos@gmail.com\u00a0La mejor\u2026","rel":"","context":"En \u00abAlumnos\u00bb","img":{"alt_text":"","src":"","width":0,"height":0},"classes":[]}],"jetpack_likes_enabled":true,"_links":{"self":[{"href":"http:\/\/jesuitasburgos.es\/biblioteca\/index.php?rest_route=\/wp\/v2\/posts\/100"}],"collection":[{"href":"http:\/\/jesuitasburgos.es\/biblioteca\/index.php?rest_route=\/wp\/v2\/posts"}],"about":[{"href":"http:\/\/jesuitasburgos.es\/biblioteca\/index.php?rest_route=\/wp\/v2\/types\/post"}],"author":[{"embeddable":true,"href":"http:\/\/jesuitasburgos.es\/biblioteca\/index.php?rest_route=\/wp\/v2\/users\/1"}],"replies":[{"embeddable":true,"href":"http:\/\/jesuitasburgos.es\/biblioteca\/index.php?rest_route=%2Fwp%2Fv2%2Fcomments&post=100"}],"version-history":[{"count":0,"href":"http:\/\/jesuitasburgos.es\/biblioteca\/index.php?rest_route=\/wp\/v2\/posts\/100\/revisions"}],"wp:attachment":[{"href":"http:\/\/jesuitasburgos.es\/biblioteca\/index.php?rest_route=%2Fwp%2Fv2%2Fmedia&parent=100"}],"wp:term":[{"taxonomy":"category","embeddable":true,"href":"http:\/\/jesuitasburgos.es\/biblioteca\/index.php?rest_route=%2Fwp%2Fv2%2Fcategories&post=100"},{"taxonomy":"post_tag","embeddable":true,"href":"http:\/\/jesuitasburgos.es\/biblioteca\/index.php?rest_route=%2Fwp%2Fv2%2Ftags&post=100"}],"curies":[{"name":"wp","href":"https:\/\/api.w.org\/{rel}","templated":true}]}}